{"id":9967,"date":"2026-03-12T15:42:32","date_gmt":"2026-03-12T15:42:32","guid":{"rendered":"https:\/\/ffyh.unc.edu.ar\/extension\/?p=9967"},"modified":"2026-03-12T15:48:04","modified_gmt":"2026-03-12T15:48:04","slug":"30-400-sobrevivir-para-contarlo","status":"publish","type":"post","link":"https:\/\/ffyh.unc.edu.ar\/extension\/2026\/03\/12\/30-400-sobrevivir-para-contarlo\/","title":{"rendered":"30.400 Sobrevivir para contarlo!"},"content":{"rendered":"<p><em>En el marco de las actividades por los 50 a\u00f1os del Golpe Militar, el mi\u00e9rcoles 25 de marzo, a las 18hs, en el Auditorio Hugo Ch\u00e1vez del Pabell\u00f3n Venezuela (Ciudad Universitaria) se presentar\u00e1 en la FFyH el libro\u00a0Ese es tu nombre\u00a0de Carolina Boetti y se conversar\u00e1 sobre la creaci\u00f3n del Archivo Trans-Travesti.<\/em><\/p>\n<p><!--more--><\/p>\n<p>Contaremos con la participaci\u00f3n de la autora, quien dialogar\u00e1 con Ivanna Aguilera y con el p\u00fablico presente.<\/p>\n<p>Carolina Boetti, la primera mujer trans de Argentina que obtuvo una reparaci\u00f3n hist\u00f3rica en forma de pensi\u00f3n, por haber sido perseguida y encarcelada durante la \u00faltima dictadura, escribe su autobiograf\u00eda. Y lo hace en un tono que, aunque narr\u00e1ndose expuesta a las duras pedagog\u00edas de la crueldad normativa, no abandona una especie de humor, de alegr\u00eda, de ilusi\u00f3n imaginaria, impulsada por la vida compartida colectivamente con sus compa\u00f1eras. Este texto se entrelaza con su registro fotogr\u00e1fico personal, compuesto de im\u00e1genes tomadas a lo largo de d\u00e9cadas vividas a contrapelo que revelan en s\u00ed mismas instantes de fuga.<\/p>\n<p><em>Ese es tu nombre<\/em>\u00a0narra lo que un cuerpo-b\u00fasqueda puede\u2026 lo que teme, lo que desea, lo que soporta, lo que festeja y a\u00f1ora persiguiendo la excitaci\u00f3n de su potente libertad interna; esa reserva de capacidad revulsiva que el poder no pudo capturar.<\/p>\n<blockquote><p>En este contexto de retroceso en t\u00e9rminos de derechos, es importante llevar adelante estas acciones, \u00a1te esperamos!!<\/p><\/blockquote>\n<p><strong>Carolina Boetti<\/strong><\/p>\n<p>Naci\u00f3 en Rosario en 1965, es una de las fundadoras del Archivo de la memoria travesti trans de la provincia de Santa Fe. Es actriz, activista y la autora de\u00a0<em>Ese es tu nombre<\/em>\u00a0su autobiograf\u00eda.<\/p>\n<p><strong>Ivanna Aguilera<\/strong><\/p>\n<p>Ex presa pol\u00edtica y actual coordinadora del \u00c1rea\u00a0 Trans Travestis y No Binarie de la Facultad de Filosof\u00eda y Humanidades de la UNC.<\/p>\n<hr \/>\n<p><strong>Organiza<\/strong>: \u00c1rea Trans, Travesti y No Binarie de la Facultad de Filosof\u00eda y Humanidades<\/p>\n<p><strong>Acompa\u00f1an<\/strong>: Programa DDHH y Secretar\u00eda de Extensi\u00f3n<\/p>\n<p><a href=\"https:\/\/ffyh.unc.edu.ar\/extension\/2026\/03\/12\/30-400-sobrevivir-para-contarlo\/30400-libro-sobrevivir\/\" rel=\"attachment wp-att-9968\"><img loading=\"lazy\" decoding=\"async\" class=\"alignnone wp-image-9968 size-full\" src=\"http:\/\/ffyh.unc.edu.ar\/extension\/wp-content\/uploads\/sites\/2\/2026\/03\/30400-libro-sobrevivir.jpeg\" alt=\"\" width=\"1080\" height=\"1360\" srcset=\"https:\/\/ffyh.unc.edu.ar\/extension\/wp-content\/uploads\/sites\/2\/2026\/03\/30400-libro-sobrevivir.jpeg 1080w, https:\/\/ffyh.unc.edu.ar\/extension\/wp-content\/uploads\/sites\/2\/2026\/03\/30400-libro-sobrevivir-238x300.jpeg 238w, https:\/\/ffyh.unc.edu.ar\/extension\/wp-content\/uploads\/sites\/2\/2026\/03\/30400-libro-sobrevivir-813x1024.jpeg 813w, https:\/\/ffyh.unc.edu.ar\/extension\/wp-content\/uploads\/sites\/2\/2026\/03\/30400-libro-sobrevivir-768x967.jpeg 768w\" sizes=\"auto, (max-width: 1080px) 100vw, 1080px\" \/><\/a><\/p>\n","protected":false},"excerpt":{"rendered":"<p>En el marco de las actividades por los 50 a\u00f1os del Golpe Militar, el mi\u00e9rcoles 25 de marzo, a las<\/p>\n","protected":false},"author":3,"featured_media":9969,"comment_status":"closed","ping_status":"closed","sticky":false,"template":"","format":"standard","meta":{"_acf_changed":false,"colormag_page_container_layout":"default_layout","colormag_page_sidebar_layout":"default_layout","footnotes":""},"categories":[12],"tags":[],"class_list":["post-9967","post","type-post","status-publish","format-standard","has-post-thumbnail","hentry","category-noticias"],"acf":[],"yoast_head":"<!-- This site is optimized with the Yoast SEO plugin v27.1.1 - https:\/\/yoast.com\/product\/yoast-seo-wordpress\/ -->\n<title>30.400 Sobrevivir para contarlo! - Secretar\u00eda de Extensi\u00f3n<\/title>\n<meta name=\"robots\" content=\"index, follow, max-snippet:-1, max-image-preview:large, max-video-preview:-1\" \/>\n<link rel=\"canonical\" href=\"https:\/\/ffyh.unc.edu.ar\/extension\/2026\/03\/12\/30-400-sobrevivir-para-contarlo\/\" \/>\n<meta property=\"og:locale\" content=\"es_ES\" \/>\n<meta property=\"og:type\" content=\"article\" \/>\n<meta property=\"og:title\" content=\"30.400 Sobrevivir para contarlo! - Secretar\u00eda de Extensi\u00f3n\" \/>\n<meta property=\"og:description\" content=\"En el marco de las actividades por los 50 a\u00f1os del Golpe Militar, el mi\u00e9rcoles 25 de marzo, a las\" \/>\n<meta property=\"og:url\" content=\"https:\/\/ffyh.unc.edu.ar\/extension\/2026\/03\/12\/30-400-sobrevivir-para-contarlo\/\" \/>\n<meta property=\"og:site_name\" content=\"Secretar\u00eda de Extensi\u00f3n\" \/>\n<meta property=\"article:publisher\" content=\"https:\/\/www.facebook.com\/extensionffyh\" \/>\n<meta property=\"article:published_time\" content=\"2026-03-12T15:42:32+00:00\" \/>\n<meta property=\"article:modified_time\" content=\"2026-03-12T15:48:04+00:00\" \/>\n<meta property=\"og:image\" content=\"http:\/\/ffyh.unc.edu.ar\/extension\/wp-content\/uploads\/sites\/2\/2026\/03\/30400-libro-sobrevivir-web-735x400-1.jpeg\" \/>\n\t<meta property=\"og:image:width\" content=\"735\" \/>\n\t<meta property=\"og:image:height\" content=\"400\" \/>\n\t<meta property=\"og:image:type\" content=\"image\/jpeg\" \/>\n<meta name=\"author\" content=\"extension\" \/>\n<meta name=\"twitter:card\" content=\"summary_large_image\" \/>\n<meta name=\"twitter:label1\" content=\"Escrito por\" \/>\n\t<meta name=\"twitter:data1\" content=\"\" \/>\n\t<meta name=\"twitter:label2\" content=\"Tiempo de lectura\" \/>\n\t<meta name=\"twitter:data2\" content=\"2 minutos\" \/>\n<script type=\"application\/ld+json\" class=\"yoast-schema-graph\">{\"@context\":\"https:\/\/schema.org\",\"@graph\":[{\"@type\":\"Article\",\"@id\":\"https:\/\/ffyh.unc.edu.ar\/extension\/2026\/03\/12\/30-400-sobrevivir-para-contarlo\/#article\",\"isPartOf\":{\"@id\":\"https:\/\/ffyh.unc.edu.ar\/extension\/2026\/03\/12\/30-400-sobrevivir-para-contarlo\/\"},\"author\":{\"name\":\"extension\",\"@id\":\"https:\/\/ffyh.unc.edu.ar\/extension\/#\/schema\/person\/c429cdff3a192a7081944182246c3689\"},\"headline\":\"30.400 Sobrevivir para contarlo!\",\"datePublished\":\"2026-03-12T15:42:32+00:00\",\"dateModified\":\"2026-03-12T15:48:04+00:00\",\"mainEntityOfPage\":{\"@id\":\"https:\/\/ffyh.unc.edu.ar\/extension\/2026\/03\/12\/30-400-sobrevivir-para-contarlo\/\"},\"wordCount\":342,\"publisher\":{\"@id\":\"https:\/\/ffyh.unc.edu.ar\/extension\/#organization\"},\"image\":{\"@id\":\"https:\/\/ffyh.unc.edu.ar\/extension\/2026\/03\/12\/30-400-sobrevivir-para-contarlo\/#primaryimage\"},\"thumbnailUrl\":\"https:\/\/ffyh.unc.edu.ar\/extension\/wp-content\/uploads\/sites\/2\/2026\/03\/30400-libro-sobrevivir-web-735x400-1.jpeg\",\"articleSection\":[\"Noticias\"],\"inLanguage\":\"es\"},{\"@type\":\"WebPage\",\"@id\":\"https:\/\/ffyh.unc.edu.ar\/extension\/2026\/03\/12\/30-400-sobrevivir-para-contarlo\/\",\"url\":\"https:\/\/ffyh.unc.edu.ar\/extension\/2026\/03\/12\/30-400-sobrevivir-para-contarlo\/\",\"name\":\"30.400 Sobrevivir para contarlo! - Secretar\u00eda de Extensi\u00f3n\",\"isPartOf\":{\"@id\":\"https:\/\/ffyh.unc.edu.ar\/extension\/#website\"},\"primaryImageOfPage\":{\"@id\":\"https:\/\/ffyh.unc.edu.ar\/extension\/2026\/03\/12\/30-400-sobrevivir-para-contarlo\/#primaryimage\"},\"image\":{\"@id\":\"https:\/\/ffyh.unc.edu.ar\/extension\/2026\/03\/12\/30-400-sobrevivir-para-contarlo\/#primaryimage\"},\"thumbnailUrl\":\"https:\/\/ffyh.unc.edu.ar\/extension\/wp-content\/uploads\/sites\/2\/2026\/03\/30400-libro-sobrevivir-web-735x400-1.jpeg\",\"datePublished\":\"2026-03-12T15:42:32+00:00\",\"dateModified\":\"2026-03-12T15:48:04+00:00\",\"breadcrumb\":{\"@id\":\"https:\/\/ffyh.unc.edu.ar\/extension\/2026\/03\/12\/30-400-sobrevivir-para-contarlo\/#breadcrumb\"},\"inLanguage\":\"es\",\"potentialAction\":[{\"@type\":\"ReadAction\",\"target\":[\"https:\/\/ffyh.unc.edu.ar\/extension\/2026\/03\/12\/30-400-sobrevivir-para-contarlo\/\"]}]},{\"@type\":\"ImageObject\",\"inLanguage\":\"es\",\"@id\":\"https:\/\/ffyh.unc.edu.ar\/extension\/2026\/03\/12\/30-400-sobrevivir-para-contarlo\/#primaryimage\",\"url\":\"https:\/\/ffyh.unc.edu.ar\/extension\/wp-content\/uploads\/sites\/2\/2026\/03\/30400-libro-sobrevivir-web-735x400-1.jpeg\",\"contentUrl\":\"https:\/\/ffyh.unc.edu.ar\/extension\/wp-content\/uploads\/sites\/2\/2026\/03\/30400-libro-sobrevivir-web-735x400-1.jpeg\",\"width\":735,\"height\":400},{\"@type\":\"BreadcrumbList\",\"@id\":\"https:\/\/ffyh.unc.edu.ar\/extension\/2026\/03\/12\/30-400-sobrevivir-para-contarlo\/#breadcrumb\",\"itemListElement\":[{\"@type\":\"ListItem\",\"position\":1,\"name\":\"Portada\",\"item\":\"https:\/\/ffyh.unc.edu.ar\/extension\/\"},{\"@type\":\"ListItem\",\"position\":2,\"name\":\"30.400 Sobrevivir para contarlo!\"}]},{\"@type\":\"WebSite\",\"@id\":\"https:\/\/ffyh.unc.edu.ar\/extension\/#website\",\"url\":\"https:\/\/ffyh.unc.edu.ar\/extension\/\",\"name\":\"Secretar\u00eda de Extensi\u00f3n\",\"description\":\"Facultad de Filosof\u00eda y Humanidades - Universidad Nacional de C\u00f3rdoba\",\"publisher\":{\"@id\":\"https:\/\/ffyh.unc.edu.ar\/extension\/#organization\"},\"potentialAction\":[{\"@type\":\"SearchAction\",\"target\":{\"@type\":\"EntryPoint\",\"urlTemplate\":\"https:\/\/ffyh.unc.edu.ar\/extension\/?s={search_term_string}\"},\"query-input\":{\"@type\":\"PropertyValueSpecification\",\"valueRequired\":true,\"valueName\":\"search_term_string\"}}],\"inLanguage\":\"es\"},{\"@type\":\"Organization\",\"@id\":\"https:\/\/ffyh.unc.edu.ar\/extension\/#organization\",\"name\":\"Secretar\u00eda de Extensi\u00f3n - Facultad de Filosof\u00eda y Humanidades - Universidad Nacional de C\u00f3rdoba\",\"url\":\"https:\/\/ffyh.unc.edu.ar\/extension\/\",\"logo\":{\"@type\":\"ImageObject\",\"inLanguage\":\"es\",\"@id\":\"https:\/\/ffyh.unc.edu.ar\/extension\/#\/schema\/logo\/image\/\",\"url\":\"https:\/\/ffyh.unc.edu.ar\/extension\/wp-content\/uploads\/sites\/2\/2018\/08\/logo-extension-chico.jpg\",\"contentUrl\":\"https:\/\/ffyh.unc.edu.ar\/extension\/wp-content\/uploads\/sites\/2\/2018\/08\/logo-extension-chico.jpg\",\"width\":314,\"height\":119,\"caption\":\"Secretar\u00eda de Extensi\u00f3n - Facultad de Filosof\u00eda y Humanidades - Universidad Nacional de C\u00f3rdoba\"},\"image\":{\"@id\":\"https:\/\/ffyh.unc.edu.ar\/extension\/#\/schema\/logo\/image\/\"},\"sameAs\":[\"https:\/\/www.facebook.com\/extensionffyh\",\"https:\/\/www.instagram.com\/extensionffyh\/\",\"https:\/\/www.youtube.com\/channel\/UCTgN4nvMQE7ktBcgujEI-EA\"]},{\"@type\":\"Person\",\"@id\":\"https:\/\/ffyh.unc.edu.ar\/extension\/#\/schema\/person\/c429cdff3a192a7081944182246c3689\",\"name\":\"extension\",\"url\":\"https:\/\/ffyh.unc.edu.ar\/extension\/author\/extension\/\"}]}<\/script>\n<!-- \/ Yoast SEO plugin. -->","yoast_head_json":{"title":"30.400 Sobrevivir para contarlo! - Secretar\u00eda de Extensi\u00f3n","robots":{"index":"index","follow":"follow","max-snippet":"max-snippet:-1","max-image-preview":"max-image-preview:large","max-video-preview":"max-video-preview:-1"},"canonical":"https:\/\/ffyh.unc.edu.ar\/extension\/2026\/03\/12\/30-400-sobrevivir-para-contarlo\/","og_locale":"es_ES","og_type":"article","og_title":"30.400 Sobrevivir para contarlo! - Secretar\u00eda de Extensi\u00f3n","og_description":"En el marco de las actividades por los 50 a\u00f1os del Golpe Militar, el mi\u00e9rcoles 25 de marzo, a las","og_url":"https:\/\/ffyh.unc.edu.ar\/extension\/2026\/03\/12\/30-400-sobrevivir-para-contarlo\/","og_site_name":"Secretar\u00eda de Extensi\u00f3n","article_publisher":"https:\/\/www.facebook.com\/extensionffyh","article_published_time":"2026-03-12T15:42:32+00:00","article_modified_time":"2026-03-12T15:48:04+00:00","og_image":[{"width":735,"height":400,"url":"http:\/\/ffyh.unc.edu.ar\/extension\/wp-content\/uploads\/sites\/2\/2026\/03\/30400-libro-sobrevivir-web-735x400-1.jpeg","type":"image\/jpeg"}],"author":"extension","twitter_card":"summary_large_image","twitter_misc":{"Escrito por":false,"Tiempo de lectura":"2 minutos"},"schema":{"@context":"https:\/\/schema.org","@graph":[{"@type":"Article","@id":"https:\/\/ffyh.unc.edu.ar\/extension\/2026\/03\/12\/30-400-sobrevivir-para-contarlo\/#article","isPartOf":{"@id":"https:\/\/ffyh.unc.edu.ar\/extension\/2026\/03\/12\/30-400-sobrevivir-para-contarlo\/"},"author":{"name":"extension","@id":"https:\/\/ffyh.unc.edu.ar\/extension\/#\/schema\/person\/c429cdff3a192a7081944182246c3689"},"headline":"30.400 Sobrevivir para contarlo!","datePublished":"2026-03-12T15:42:32+00:00","dateModified":"2026-03-12T15:48:04+00:00","mainEntityOfPage":{"@id":"https:\/\/ffyh.unc.edu.ar\/extension\/2026\/03\/12\/30-400-sobrevivir-para-contarlo\/"},"wordCount":342,"publisher":{"@id":"https:\/\/ffyh.unc.edu.ar\/extension\/#organization"},"image":{"@id":"https:\/\/ffyh.unc.edu.ar\/extension\/2026\/03\/12\/30-400-sobrevivir-para-contarlo\/#primaryimage"},"thumbnailUrl":"https:\/\/ffyh.unc.edu.ar\/extension\/wp-content\/uploads\/sites\/2\/2026\/03\/30400-libro-sobrevivir-web-735x400-1.jpeg","articleSection":["Noticias"],"inLanguage":"es"},{"@type":"WebPage","@id":"https:\/\/ffyh.unc.edu.ar\/extension\/2026\/03\/12\/30-400-sobrevivir-para-contarlo\/","url":"https:\/\/ffyh.unc.edu.ar\/extension\/2026\/03\/12\/30-400-sobrevivir-para-contarlo\/","name":"30.400 Sobrevivir para contarlo! - Secretar\u00eda de Extensi\u00f3n","isPartOf":{"@id":"https:\/\/ffyh.unc.edu.ar\/extension\/#website"},"primaryImageOfPage":{"@id":"https:\/\/ffyh.unc.edu.ar\/extension\/2026\/03\/12\/30-400-sobrevivir-para-contarlo\/#primaryimage"},"image":{"@id":"https:\/\/ffyh.unc.edu.ar\/extension\/2026\/03\/12\/30-400-sobrevivir-para-contarlo\/#primaryimage"},"thumbnailUrl":"https:\/\/ffyh.unc.edu.ar\/extension\/wp-content\/uploads\/sites\/2\/2026\/03\/30400-libro-sobrevivir-web-735x400-1.jpeg","datePublished":"2026-03-12T15:42:32+00:00","dateModified":"2026-03-12T15:48:04+00:00","breadcrumb":{"@id":"https:\/\/ffyh.unc.edu.ar\/extension\/2026\/03\/12\/30-400-sobrevivir-para-contarlo\/#breadcrumb"},"inLanguage":"es","potentialAction":[{"@type":"ReadAction","target":["https:\/\/ffyh.unc.edu.ar\/extension\/2026\/03\/12\/30-400-sobrevivir-para-contarlo\/"]}]},{"@type":"ImageObject","inLanguage":"es","@id":"https:\/\/ffyh.unc.edu.ar\/extension\/2026\/03\/12\/30-400-sobrevivir-para-contarlo\/#primaryimage","url":"https:\/\/ffyh.unc.edu.ar\/extension\/wp-content\/uploads\/sites\/2\/2026\/03\/30400-libro-sobrevivir-web-735x400-1.jpeg","contentUrl":"https:\/\/ffyh.unc.edu.ar\/extension\/wp-content\/uploads\/sites\/2\/2026\/03\/30400-libro-sobrevivir-web-735x400-1.jpeg","width":735,"height":400},{"@type":"BreadcrumbList","@id":"https:\/\/ffyh.unc.edu.ar\/extension\/2026\/03\/12\/30-400-sobrevivir-para-contarlo\/#breadcrumb","itemListElement":[{"@type":"ListItem","position":1,"name":"Portada","item":"https:\/\/ffyh.unc.edu.ar\/extension\/"},{"@type":"ListItem","position":2,"name":"30.400 Sobrevivir para contarlo!"}]},{"@type":"WebSite","@id":"https:\/\/ffyh.unc.edu.ar\/extension\/#website","url":"https:\/\/ffyh.unc.edu.ar\/extension\/","name":"Secretar\u00eda de Extensi\u00f3n","description":"Facultad de Filosof\u00eda y Humanidades - Universidad Nacional de C\u00f3rdoba","publisher":{"@id":"https:\/\/ffyh.unc.edu.ar\/extension\/#organization"},"potentialAction":[{"@type":"SearchAction","target":{"@type":"EntryPoint","urlTemplate":"https:\/\/ffyh.unc.edu.ar\/extension\/?s={search_term_string}"},"query-input":{"@type":"PropertyValueSpecification","valueRequired":true,"valueName":"search_term_string"}}],"inLanguage":"es"},{"@type":"Organization","@id":"https:\/\/ffyh.unc.edu.ar\/extension\/#organization","name":"Secretar\u00eda de Extensi\u00f3n - Facultad de Filosof\u00eda y Humanidades - Universidad Nacional de C\u00f3rdoba","url":"https:\/\/ffyh.unc.edu.ar\/extension\/","logo":{"@type":"ImageObject","inLanguage":"es","@id":"https:\/\/ffyh.unc.edu.ar\/extension\/#\/schema\/logo\/image\/","url":"https:\/\/ffyh.unc.edu.ar\/extension\/wp-content\/uploads\/sites\/2\/2018\/08\/logo-extension-chico.jpg","contentUrl":"https:\/\/ffyh.unc.edu.ar\/extension\/wp-content\/uploads\/sites\/2\/2018\/08\/logo-extension-chico.jpg","width":314,"height":119,"caption":"Secretar\u00eda de Extensi\u00f3n - Facultad de Filosof\u00eda y Humanidades - Universidad Nacional de C\u00f3rdoba"},"image":{"@id":"https:\/\/ffyh.unc.edu.ar\/extension\/#\/schema\/logo\/image\/"},"sameAs":["https:\/\/www.facebook.com\/extensionffyh","https:\/\/www.instagram.com\/extensionffyh\/","https:\/\/www.youtube.com\/channel\/UCTgN4nvMQE7ktBcgujEI-EA"]},{"@type":"Person","@id":"https:\/\/ffyh.unc.edu.ar\/extension\/#\/schema\/person\/c429cdff3a192a7081944182246c3689","name":"extension","url":"https:\/\/ffyh.unc.edu.ar\/extension\/author\/extension\/"}]}},"jetpack_featured_media_url":"https:\/\/ffyh.unc.edu.ar\/extension\/wp-content\/uploads\/sites\/2\/2026\/03\/30400-libro-sobrevivir-web-735x400-1.jpeg","_links":{"self":[{"href":"https:\/\/ffyh.unc.edu.ar\/extension\/wp-json\/wp\/v2\/posts\/9967","targetHints":{"allow":["GET"]}}],"collection":[{"href":"https:\/\/ffyh.unc.edu.ar\/extension\/wp-json\/wp\/v2\/posts"}],"about":[{"href":"https:\/\/ffyh.unc.edu.ar\/extension\/wp-json\/wp\/v2\/types\/post"}],"author":[{"embeddable":true,"href":"https:\/\/ffyh.unc.edu.ar\/extension\/wp-json\/wp\/v2\/users\/3"}],"replies":[{"embeddable":true,"href":"https:\/\/ffyh.unc.edu.ar\/extension\/wp-json\/wp\/v2\/comments?post=9967"}],"version-history":[{"count":2,"href":"https:\/\/ffyh.unc.edu.ar\/extension\/wp-json\/wp\/v2\/posts\/9967\/revisions"}],"predecessor-version":[{"id":9971,"href":"https:\/\/ffyh.unc.edu.ar\/extension\/wp-json\/wp\/v2\/posts\/9967\/revisions\/9971"}],"wp:featuredmedia":[{"embeddable":true,"href":"https:\/\/ffyh.unc.edu.ar\/extension\/wp-json\/wp\/v2\/media\/9969"}],"wp:attachment":[{"href":"https:\/\/ffyh.unc.edu.ar\/extension\/wp-json\/wp\/v2\/media?parent=9967"}],"wp:term":[{"taxonomy":"category","embeddable":true,"href":"https:\/\/ffyh.unc.edu.ar\/extension\/wp-json\/wp\/v2\/categories?post=9967"},{"taxonomy":"post_tag","embeddable":true,"href":"https:\/\/ffyh.unc.edu.ar\/extension\/wp-json\/wp\/v2\/tags?post=9967"}],"curies":[{"name":"wp","href":"https:\/\/api.w.org\/{rel}","templated":true}]}}