{"id":9972,"date":"2026-03-12T19:03:58","date_gmt":"2026-03-12T19:03:58","guid":{"rendered":"https:\/\/ffyh.unc.edu.ar\/extension\/?p=9972"},"modified":"2026-03-13T13:14:10","modified_gmt":"2026-03-13T13:14:10","slug":"informacion-importante-sobre-avales-para-la-convocatoria-de-subsidios-para-proyectos-de-extension","status":"publish","type":"post","link":"https:\/\/ffyh.unc.edu.ar\/extension\/2026\/03\/12\/informacion-importante-sobre-avales-para-la-convocatoria-de-subsidios-para-proyectos-de-extension\/","title":{"rendered":"Informaci\u00f3n importante sobre avales para la convocatoria de subsidios para proyectos de extensi\u00f3n"},"content":{"rendered":"<p><em>Debido a que lunes 23 y martes 24 de marzo son feriados nacionales, nuestra Secretar\u00eda de Extensi\u00f3n (FFyH-UNC) receptar\u00e1 los avales necesarios para postularse a la convocatoria de subsidios para proyectos 2026-2028 de la Secretar\u00eda de Extensi\u00f3n UNC hasta el jueves 19 de marzo a las 12 hs.<\/em><\/p>\n<p><!--more--><\/p>\n<p>Informaci\u00f3n importante sobre avales para postulaciones a la convocatoria de subsidios para proyectos de extensi\u00f3n de @unc.extension que cierra el pr\u00f3ximo 25 de marzo.<\/p>\n<p>La presentaci\u00f3n del proyecto requiere, entre otros documentos, el Aval de la Unidad Acad\u00e9mica.<\/p>\n<p>Debido a que lunes 23 y martes 24 de marzo son feriados nacionales, nuestra Secretar\u00eda de Extensi\u00f3n (FFyH-UNC) receptar\u00e1 los avales necesarios para postularse a la convocatoria de subsidios para proyectos 2026-2028 de la Secretar\u00eda de Extensi\u00f3n UNC hasta el jueves 19 de marzo a las 12 hs.<\/p>\n<p>Importante:<br \/>\nEl Consejo Asesor de Extensi\u00f3n resolvi\u00f3 no realizar pr\u00f3rroga de las fechas establecidas.<br \/>\nAdem\u00e1s, no podr\u00e1 incorporarse documentaci\u00f3n que no haya sido cargada previamente en el formulario online.<\/p>\n<p>Si vas a presentar un proyecto, gestion\u00e1 el aval con tiempo.<\/p>\n<p>Escribinos a extension@ffyh.unc.edu.ar<\/p>\n<p><a href=\"https:\/\/ffyh.unc.edu.ar\/extension\/2026\/03\/12\/informacion-importante-sobre-avales-para-la-convocatoria-de-subsidios-para-proyectos-de-extension\/avales\/\" rel=\"attachment wp-att-9973\"><img loading=\"lazy\" decoding=\"async\" class=\"alignnone wp-image-9973 size-full\" src=\"http:\/\/ffyh.unc.edu.ar\/extension\/wp-content\/uploads\/sites\/2\/2026\/03\/avales.jpg\" alt=\"\" width=\"1080\" height=\"1360\" srcset=\"https:\/\/ffyh.unc.edu.ar\/extension\/wp-content\/uploads\/sites\/2\/2026\/03\/avales.jpg 1080w, https:\/\/ffyh.unc.edu.ar\/extension\/wp-content\/uploads\/sites\/2\/2026\/03\/avales-238x300.jpg 238w, https:\/\/ffyh.unc.edu.ar\/extension\/wp-content\/uploads\/sites\/2\/2026\/03\/avales-813x1024.jpg 813w, https:\/\/ffyh.unc.edu.ar\/extension\/wp-content\/uploads\/sites\/2\/2026\/03\/avales-768x967.jpg 768w\" sizes=\"auto, (max-width: 1080px) 100vw, 1080px\" \/><\/a><\/p>\n","protected":false},"excerpt":{"rendered":"<p>Debido a que lunes 23 y martes 24 de marzo son feriados nacionales, nuestra Secretar\u00eda de Extensi\u00f3n (FFyH-UNC) receptar\u00e1 los<\/p>\n","protected":false},"author":3,"featured_media":9974,"comment_status":"closed","ping_status":"closed","sticky":false,"template":"","format":"standard","meta":{"_acf_changed":false,"colormag_page_container_layout":"default_layout","colormag_page_sidebar_layout":"default_layout","footnotes":""},"categories":[12],"tags":[],"class_list":["post-9972","post","type-post","status-publish","format-standard","has-post-thumbnail","hentry","category-noticias"],"acf":[],"yoast_head":"<!-- This site is optimized with the Yoast SEO plugin v27.1.1 - https:\/\/yoast.com\/product\/yoast-seo-wordpress\/ -->\n<title>Informaci\u00f3n importante sobre avales para la convocatoria de subsidios para proyectos de extensi\u00f3n - Secretar\u00eda de Extensi\u00f3n<\/title>\n<meta name=\"robots\" content=\"index, follow, max-snippet:-1, max-image-preview:large, max-video-preview:-1\" \/>\n<link rel=\"canonical\" href=\"https:\/\/ffyh.unc.edu.ar\/extension\/2026\/03\/12\/informacion-importante-sobre-avales-para-la-convocatoria-de-subsidios-para-proyectos-de-extension\/\" \/>\n<meta property=\"og:locale\" content=\"es_ES\" \/>\n<meta property=\"og:type\" content=\"article\" \/>\n<meta property=\"og:title\" content=\"Informaci\u00f3n importante sobre avales para la convocatoria de subsidios para proyectos de extensi\u00f3n - Secretar\u00eda de Extensi\u00f3n\" \/>\n<meta property=\"og:description\" content=\"Debido a que lunes 23 y martes 24 de marzo son feriados nacionales, nuestra Secretar\u00eda de Extensi\u00f3n (FFyH-UNC) receptar\u00e1 los\" \/>\n<meta property=\"og:url\" content=\"https:\/\/ffyh.unc.edu.ar\/extension\/2026\/03\/12\/informacion-importante-sobre-avales-para-la-convocatoria-de-subsidios-para-proyectos-de-extension\/\" \/>\n<meta property=\"og:site_name\" content=\"Secretar\u00eda de Extensi\u00f3n\" \/>\n<meta property=\"article:publisher\" content=\"https:\/\/www.facebook.com\/extensionffyh\" \/>\n<meta property=\"article:published_time\" content=\"2026-03-12T19:03:58+00:00\" \/>\n<meta property=\"article:modified_time\" content=\"2026-03-13T13:14:10+00:00\" \/>\n<meta property=\"og:image\" content=\"http:\/\/ffyh.unc.edu.ar\/extension\/wp-content\/uploads\/sites\/2\/2026\/03\/web-avales.jpg\" \/>\n\t<meta property=\"og:image:width\" content=\"800\" \/>\n\t<meta property=\"og:image:height\" content=\"445\" \/>\n\t<meta property=\"og:image:type\" content=\"image\/jpeg\" \/>\n<meta name=\"author\" content=\"extension\" \/>\n<meta name=\"twitter:card\" content=\"summary_large_image\" \/>\n<meta name=\"twitter:label1\" content=\"Escrito por\" \/>\n\t<meta name=\"twitter:data1\" content=\"\" \/>\n\t<meta name=\"twitter:label2\" content=\"Tiempo de lectura\" \/>\n\t<meta name=\"twitter:data2\" content=\"1 minuto\" \/>\n<script type=\"application\/ld+json\" class=\"yoast-schema-graph\">{\"@context\":\"https:\/\/schema.org\",\"@graph\":[{\"@type\":\"Article\",\"@id\":\"https:\/\/ffyh.unc.edu.ar\/extension\/2026\/03\/12\/informacion-importante-sobre-avales-para-la-convocatoria-de-subsidios-para-proyectos-de-extension\/#article\",\"isPartOf\":{\"@id\":\"https:\/\/ffyh.unc.edu.ar\/extension\/2026\/03\/12\/informacion-importante-sobre-avales-para-la-convocatoria-de-subsidios-para-proyectos-de-extension\/\"},\"author\":{\"name\":\"extension\",\"@id\":\"https:\/\/ffyh.unc.edu.ar\/extension\/#\/schema\/person\/c429cdff3a192a7081944182246c3689\"},\"headline\":\"Informaci\u00f3n importante sobre avales para la convocatoria de subsidios para proyectos de extensi\u00f3n\",\"datePublished\":\"2026-03-12T19:03:58+00:00\",\"dateModified\":\"2026-03-13T13:14:10+00:00\",\"mainEntityOfPage\":{\"@id\":\"https:\/\/ffyh.unc.edu.ar\/extension\/2026\/03\/12\/informacion-importante-sobre-avales-para-la-convocatoria-de-subsidios-para-proyectos-de-extension\/\"},\"wordCount\":205,\"publisher\":{\"@id\":\"https:\/\/ffyh.unc.edu.ar\/extension\/#organization\"},\"image\":{\"@id\":\"https:\/\/ffyh.unc.edu.ar\/extension\/2026\/03\/12\/informacion-importante-sobre-avales-para-la-convocatoria-de-subsidios-para-proyectos-de-extension\/#primaryimage\"},\"thumbnailUrl\":\"https:\/\/ffyh.unc.edu.ar\/extension\/wp-content\/uploads\/sites\/2\/2026\/03\/web-avales.jpg\",\"articleSection\":[\"Noticias\"],\"inLanguage\":\"es\"},{\"@type\":\"WebPage\",\"@id\":\"https:\/\/ffyh.unc.edu.ar\/extension\/2026\/03\/12\/informacion-importante-sobre-avales-para-la-convocatoria-de-subsidios-para-proyectos-de-extension\/\",\"url\":\"https:\/\/ffyh.unc.edu.ar\/extension\/2026\/03\/12\/informacion-importante-sobre-avales-para-la-convocatoria-de-subsidios-para-proyectos-de-extension\/\",\"name\":\"Informaci\u00f3n importante sobre avales para la convocatoria de subsidios para proyectos de extensi\u00f3n - Secretar\u00eda de Extensi\u00f3n\",\"isPartOf\":{\"@id\":\"https:\/\/ffyh.unc.edu.ar\/extension\/#website\"},\"primaryImageOfPage\":{\"@id\":\"https:\/\/ffyh.unc.edu.ar\/extension\/2026\/03\/12\/informacion-importante-sobre-avales-para-la-convocatoria-de-subsidios-para-proyectos-de-extension\/#primaryimage\"},\"image\":{\"@id\":\"https:\/\/ffyh.unc.edu.ar\/extension\/2026\/03\/12\/informacion-importante-sobre-avales-para-la-convocatoria-de-subsidios-para-proyectos-de-extension\/#primaryimage\"},\"thumbnailUrl\":\"https:\/\/ffyh.unc.edu.ar\/extension\/wp-content\/uploads\/sites\/2\/2026\/03\/web-avales.jpg\",\"datePublished\":\"2026-03-12T19:03:58+00:00\",\"dateModified\":\"2026-03-13T13:14:10+00:00\",\"breadcrumb\":{\"@id\":\"https:\/\/ffyh.unc.edu.ar\/extension\/2026\/03\/12\/informacion-importante-sobre-avales-para-la-convocatoria-de-subsidios-para-proyectos-de-extension\/#breadcrumb\"},\"inLanguage\":\"es\",\"potentialAction\":[{\"@type\":\"ReadAction\",\"target\":[\"https:\/\/ffyh.unc.edu.ar\/extension\/2026\/03\/12\/informacion-importante-sobre-avales-para-la-convocatoria-de-subsidios-para-proyectos-de-extension\/\"]}]},{\"@type\":\"ImageObject\",\"inLanguage\":\"es\",\"@id\":\"https:\/\/ffyh.unc.edu.ar\/extension\/2026\/03\/12\/informacion-importante-sobre-avales-para-la-convocatoria-de-subsidios-para-proyectos-de-extension\/#primaryimage\",\"url\":\"https:\/\/ffyh.unc.edu.ar\/extension\/wp-content\/uploads\/sites\/2\/2026\/03\/web-avales.jpg\",\"contentUrl\":\"https:\/\/ffyh.unc.edu.ar\/extension\/wp-content\/uploads\/sites\/2\/2026\/03\/web-avales.jpg\",\"width\":800,\"height\":445},{\"@type\":\"BreadcrumbList\",\"@id\":\"https:\/\/ffyh.unc.edu.ar\/extension\/2026\/03\/12\/informacion-importante-sobre-avales-para-la-convocatoria-de-subsidios-para-proyectos-de-extension\/#breadcrumb\",\"itemListElement\":[{\"@type\":\"ListItem\",\"position\":1,\"name\":\"Portada\",\"item\":\"https:\/\/ffyh.unc.edu.ar\/extension\/\"},{\"@type\":\"ListItem\",\"position\":2,\"name\":\"Informaci\u00f3n importante sobre avales para la convocatoria de subsidios para proyectos de extensi\u00f3n\"}]},{\"@type\":\"WebSite\",\"@id\":\"https:\/\/ffyh.unc.edu.ar\/extension\/#website\",\"url\":\"https:\/\/ffyh.unc.edu.ar\/extension\/\",\"name\":\"Secretar\u00eda de Extensi\u00f3n\",\"description\":\"Facultad de Filosof\u00eda y Humanidades - Universidad Nacional de C\u00f3rdoba\",\"publisher\":{\"@id\":\"https:\/\/ffyh.unc.edu.ar\/extension\/#organization\"},\"potentialAction\":[{\"@type\":\"SearchAction\",\"target\":{\"@type\":\"EntryPoint\",\"urlTemplate\":\"https:\/\/ffyh.unc.edu.ar\/extension\/?s={search_term_string}\"},\"query-input\":{\"@type\":\"PropertyValueSpecification\",\"valueRequired\":true,\"valueName\":\"search_term_string\"}}],\"inLanguage\":\"es\"},{\"@type\":\"Organization\",\"@id\":\"https:\/\/ffyh.unc.edu.ar\/extension\/#organization\",\"name\":\"Secretar\u00eda de Extensi\u00f3n - Facultad de Filosof\u00eda y Humanidades - Universidad Nacional de C\u00f3rdoba\",\"url\":\"https:\/\/ffyh.unc.edu.ar\/extension\/\",\"logo\":{\"@type\":\"ImageObject\",\"inLanguage\":\"es\",\"@id\":\"https:\/\/ffyh.unc.edu.ar\/extension\/#\/schema\/logo\/image\/\",\"url\":\"https:\/\/ffyh.unc.edu.ar\/extension\/wp-content\/uploads\/sites\/2\/2018\/08\/logo-extension-chico.jpg\",\"contentUrl\":\"https:\/\/ffyh.unc.edu.ar\/extension\/wp-content\/uploads\/sites\/2\/2018\/08\/logo-extension-chico.jpg\",\"width\":314,\"height\":119,\"caption\":\"Secretar\u00eda de Extensi\u00f3n - Facultad de Filosof\u00eda y Humanidades - Universidad Nacional de C\u00f3rdoba\"},\"image\":{\"@id\":\"https:\/\/ffyh.unc.edu.ar\/extension\/#\/schema\/logo\/image\/\"},\"sameAs\":[\"https:\/\/www.facebook.com\/extensionffyh\",\"https:\/\/www.instagram.com\/extensionffyh\/\",\"https:\/\/www.youtube.com\/channel\/UCTgN4nvMQE7ktBcgujEI-EA\"]},{\"@type\":\"Person\",\"@id\":\"https:\/\/ffyh.unc.edu.ar\/extension\/#\/schema\/person\/c429cdff3a192a7081944182246c3689\",\"name\":\"extension\",\"url\":\"https:\/\/ffyh.unc.edu.ar\/extension\/author\/extension\/\"}]}<\/script>\n<!-- \/ Yoast SEO plugin. -->","yoast_head_json":{"title":"Informaci\u00f3n importante sobre avales para la convocatoria de subsidios para proyectos de extensi\u00f3n - Secretar\u00eda de Extensi\u00f3n","robots":{"index":"index","follow":"follow","max-snippet":"max-snippet:-1","max-image-preview":"max-image-preview:large","max-video-preview":"max-video-preview:-1"},"canonical":"https:\/\/ffyh.unc.edu.ar\/extension\/2026\/03\/12\/informacion-importante-sobre-avales-para-la-convocatoria-de-subsidios-para-proyectos-de-extension\/","og_locale":"es_ES","og_type":"article","og_title":"Informaci\u00f3n importante sobre avales para la convocatoria de subsidios para proyectos de extensi\u00f3n - Secretar\u00eda de Extensi\u00f3n","og_description":"Debido a que lunes 23 y martes 24 de marzo son feriados nacionales, nuestra Secretar\u00eda de Extensi\u00f3n (FFyH-UNC) receptar\u00e1 los","og_url":"https:\/\/ffyh.unc.edu.ar\/extension\/2026\/03\/12\/informacion-importante-sobre-avales-para-la-convocatoria-de-subsidios-para-proyectos-de-extension\/","og_site_name":"Secretar\u00eda de Extensi\u00f3n","article_publisher":"https:\/\/www.facebook.com\/extensionffyh","article_published_time":"2026-03-12T19:03:58+00:00","article_modified_time":"2026-03-13T13:14:10+00:00","og_image":[{"width":800,"height":445,"url":"http:\/\/ffyh.unc.edu.ar\/extension\/wp-content\/uploads\/sites\/2\/2026\/03\/web-avales.jpg","type":"image\/jpeg"}],"author":"extension","twitter_card":"summary_large_image","twitter_misc":{"Escrito por":false,"Tiempo de lectura":"1 minuto"},"schema":{"@context":"https:\/\/schema.org","@graph":[{"@type":"Article","@id":"https:\/\/ffyh.unc.edu.ar\/extension\/2026\/03\/12\/informacion-importante-sobre-avales-para-la-convocatoria-de-subsidios-para-proyectos-de-extension\/#article","isPartOf":{"@id":"https:\/\/ffyh.unc.edu.ar\/extension\/2026\/03\/12\/informacion-importante-sobre-avales-para-la-convocatoria-de-subsidios-para-proyectos-de-extension\/"},"author":{"name":"extension","@id":"https:\/\/ffyh.unc.edu.ar\/extension\/#\/schema\/person\/c429cdff3a192a7081944182246c3689"},"headline":"Informaci\u00f3n importante sobre avales para la convocatoria de subsidios para proyectos de extensi\u00f3n","datePublished":"2026-03-12T19:03:58+00:00","dateModified":"2026-03-13T13:14:10+00:00","mainEntityOfPage":{"@id":"https:\/\/ffyh.unc.edu.ar\/extension\/2026\/03\/12\/informacion-importante-sobre-avales-para-la-convocatoria-de-subsidios-para-proyectos-de-extension\/"},"wordCount":205,"publisher":{"@id":"https:\/\/ffyh.unc.edu.ar\/extension\/#organization"},"image":{"@id":"https:\/\/ffyh.unc.edu.ar\/extension\/2026\/03\/12\/informacion-importante-sobre-avales-para-la-convocatoria-de-subsidios-para-proyectos-de-extension\/#primaryimage"},"thumbnailUrl":"https:\/\/ffyh.unc.edu.ar\/extension\/wp-content\/uploads\/sites\/2\/2026\/03\/web-avales.jpg","articleSection":["Noticias"],"inLanguage":"es"},{"@type":"WebPage","@id":"https:\/\/ffyh.unc.edu.ar\/extension\/2026\/03\/12\/informacion-importante-sobre-avales-para-la-convocatoria-de-subsidios-para-proyectos-de-extension\/","url":"https:\/\/ffyh.unc.edu.ar\/extension\/2026\/03\/12\/informacion-importante-sobre-avales-para-la-convocatoria-de-subsidios-para-proyectos-de-extension\/","name":"Informaci\u00f3n importante sobre avales para la convocatoria de subsidios para proyectos de extensi\u00f3n - Secretar\u00eda de Extensi\u00f3n","isPartOf":{"@id":"https:\/\/ffyh.unc.edu.ar\/extension\/#website"},"primaryImageOfPage":{"@id":"https:\/\/ffyh.unc.edu.ar\/extension\/2026\/03\/12\/informacion-importante-sobre-avales-para-la-convocatoria-de-subsidios-para-proyectos-de-extension\/#primaryimage"},"image":{"@id":"https:\/\/ffyh.unc.edu.ar\/extension\/2026\/03\/12\/informacion-importante-sobre-avales-para-la-convocatoria-de-subsidios-para-proyectos-de-extension\/#primaryimage"},"thumbnailUrl":"https:\/\/ffyh.unc.edu.ar\/extension\/wp-content\/uploads\/sites\/2\/2026\/03\/web-avales.jpg","datePublished":"2026-03-12T19:03:58+00:00","dateModified":"2026-03-13T13:14:10+00:00","breadcrumb":{"@id":"https:\/\/ffyh.unc.edu.ar\/extension\/2026\/03\/12\/informacion-importante-sobre-avales-para-la-convocatoria-de-subsidios-para-proyectos-de-extension\/#breadcrumb"},"inLanguage":"es","potentialAction":[{"@type":"ReadAction","target":["https:\/\/ffyh.unc.edu.ar\/extension\/2026\/03\/12\/informacion-importante-sobre-avales-para-la-convocatoria-de-subsidios-para-proyectos-de-extension\/"]}]},{"@type":"ImageObject","inLanguage":"es","@id":"https:\/\/ffyh.unc.edu.ar\/extension\/2026\/03\/12\/informacion-importante-sobre-avales-para-la-convocatoria-de-subsidios-para-proyectos-de-extension\/#primaryimage","url":"https:\/\/ffyh.unc.edu.ar\/extension\/wp-content\/uploads\/sites\/2\/2026\/03\/web-avales.jpg","contentUrl":"https:\/\/ffyh.unc.edu.ar\/extension\/wp-content\/uploads\/sites\/2\/2026\/03\/web-avales.jpg","width":800,"height":445},{"@type":"BreadcrumbList","@id":"https:\/\/ffyh.unc.edu.ar\/extension\/2026\/03\/12\/informacion-importante-sobre-avales-para-la-convocatoria-de-subsidios-para-proyectos-de-extension\/#breadcrumb","itemListElement":[{"@type":"ListItem","position":1,"name":"Portada","item":"https:\/\/ffyh.unc.edu.ar\/extension\/"},{"@type":"ListItem","position":2,"name":"Informaci\u00f3n importante sobre avales para la convocatoria de subsidios para proyectos de extensi\u00f3n"}]},{"@type":"WebSite","@id":"https:\/\/ffyh.unc.edu.ar\/extension\/#website","url":"https:\/\/ffyh.unc.edu.ar\/extension\/","name":"Secretar\u00eda de Extensi\u00f3n","description":"Facultad de Filosof\u00eda y Humanidades - Universidad Nacional de C\u00f3rdoba","publisher":{"@id":"https:\/\/ffyh.unc.edu.ar\/extension\/#organization"},"potentialAction":[{"@type":"SearchAction","target":{"@type":"EntryPoint","urlTemplate":"https:\/\/ffyh.unc.edu.ar\/extension\/?s={search_term_string}"},"query-input":{"@type":"PropertyValueSpecification","valueRequired":true,"valueName":"search_term_string"}}],"inLanguage":"es"},{"@type":"Organization","@id":"https:\/\/ffyh.unc.edu.ar\/extension\/#organization","name":"Secretar\u00eda de Extensi\u00f3n - Facultad de Filosof\u00eda y Humanidades - Universidad Nacional de C\u00f3rdoba","url":"https:\/\/ffyh.unc.edu.ar\/extension\/","logo":{"@type":"ImageObject","inLanguage":"es","@id":"https:\/\/ffyh.unc.edu.ar\/extension\/#\/schema\/logo\/image\/","url":"https:\/\/ffyh.unc.edu.ar\/extension\/wp-content\/uploads\/sites\/2\/2018\/08\/logo-extension-chico.jpg","contentUrl":"https:\/\/ffyh.unc.edu.ar\/extension\/wp-content\/uploads\/sites\/2\/2018\/08\/logo-extension-chico.jpg","width":314,"height":119,"caption":"Secretar\u00eda de Extensi\u00f3n - Facultad de Filosof\u00eda y Humanidades - Universidad Nacional de C\u00f3rdoba"},"image":{"@id":"https:\/\/ffyh.unc.edu.ar\/extension\/#\/schema\/logo\/image\/"},"sameAs":["https:\/\/www.facebook.com\/extensionffyh","https:\/\/www.instagram.com\/extensionffyh\/","https:\/\/www.youtube.com\/channel\/UCTgN4nvMQE7ktBcgujEI-EA"]},{"@type":"Person","@id":"https:\/\/ffyh.unc.edu.ar\/extension\/#\/schema\/person\/c429cdff3a192a7081944182246c3689","name":"extension","url":"https:\/\/ffyh.unc.edu.ar\/extension\/author\/extension\/"}]}},"jetpack_featured_media_url":"https:\/\/ffyh.unc.edu.ar\/extension\/wp-content\/uploads\/sites\/2\/2026\/03\/web-avales.jpg","_links":{"self":[{"href":"https:\/\/ffyh.unc.edu.ar\/extension\/wp-json\/wp\/v2\/posts\/9972","targetHints":{"allow":["GET"]}}],"collection":[{"href":"https:\/\/ffyh.unc.edu.ar\/extension\/wp-json\/wp\/v2\/posts"}],"about":[{"href":"https:\/\/ffyh.unc.edu.ar\/extension\/wp-json\/wp\/v2\/types\/post"}],"author":[{"embeddable":true,"href":"https:\/\/ffyh.unc.edu.ar\/extension\/wp-json\/wp\/v2\/users\/3"}],"replies":[{"embeddable":true,"href":"https:\/\/ffyh.unc.edu.ar\/extension\/wp-json\/wp\/v2\/comments?post=9972"}],"version-history":[{"count":5,"href":"https:\/\/ffyh.unc.edu.ar\/extension\/wp-json\/wp\/v2\/posts\/9972\/revisions"}],"predecessor-version":[{"id":9982,"href":"https:\/\/ffyh.unc.edu.ar\/extension\/wp-json\/wp\/v2\/posts\/9972\/revisions\/9982"}],"wp:featuredmedia":[{"embeddable":true,"href":"https:\/\/ffyh.unc.edu.ar\/extension\/wp-json\/wp\/v2\/media\/9974"}],"wp:attachment":[{"href":"https:\/\/ffyh.unc.edu.ar\/extension\/wp-json\/wp\/v2\/media?parent=9972"}],"wp:term":[{"taxonomy":"category","embeddable":true,"href":"https:\/\/ffyh.unc.edu.ar\/extension\/wp-json\/wp\/v2\/categories?post=9972"},{"taxonomy":"post_tag","embeddable":true,"href":"https:\/\/ffyh.unc.edu.ar\/extension\/wp-json\/wp\/v2\/tags?post=9972"}],"curies":[{"name":"wp","href":"https:\/\/api.w.org\/{rel}","templated":true}]}}