{"id":280,"date":"2023-08-09T16:27:01","date_gmt":"2023-08-09T14:27:01","guid":{"rendered":"https:\/\/ffyh.unc.edu.ar\/genero\/?p=280"},"modified":"2023-08-16T16:21:34","modified_gmt":"2023-08-16T14:21:34","slug":"presentacion-de-las-cartillas-informativas-vihsibilizar-y-vivir-con-vih-es-politico","status":"publish","type":"post","link":"https:\/\/ffyh.unc.edu.ar\/genero\/2023\/08\/09\/presentacion-de-las-cartillas-informativas-vihsibilizar-y-vivir-con-vih-es-politico\/","title":{"rendered":"Presentaci\u00f3n de las cartillas informativas VIHsibilizar y Vivir con VIH es pol\u00edtico"},"content":{"rendered":"<header class=\"entry-header\">\n<p class=\"entry-title\">Ser\u00e1 el viernes 18 de agosto, a las 18hs, en el Aula B del Pabell\u00f3n Residencial (Ciudad Universitaria). Presentan: Flavia Dezzutto, Eduardo Mattio, Guadalupe Molina, Javier L\u00f3pez, Mat\u00edas Farf\u00e1n y Gonzalo Valverde. En este marco, tambi\u00e9n se realizar\u00e1 la intervenci\u00f3n PALABRAS ACUERPADAS: TODO PLACER ES POL\u00cdTICO.<\/p>\n<\/header>\n<p><!--more--><\/p>\n<div class=\"entry-content\">\n<div id=\"em-view-1273124388\" class=\"em em-view-container\" data-view=\"event\">\n<div id=\"em-event-1273124388\" class=\"em-item em-item-single em-event em-event-single em-event-668 size-large\" data-view-id=\"1273124388\">\n<p>La publicaci\u00f3n de las cartillas \u201c<a href=\"https:\/\/issuu.com\/gonzxvalverde\/docs\/vihsibilizar\" target=\"_blank\" rel=\"noopener\">VIHsibilizar<\/a>\u201d y \u201c<a href=\"https:\/\/issuu.com\/gonzxvalverde\/docs\/vivir_con_vih_es_pol_tico\" target=\"_blank\" rel=\"noopener\">Vivir con VIH es pol\u00edtico<\/a>\u201d es un proyecto realizado desde el Programa de G\u00e9nero, Sexualidades y Educaci\u00f3n Sexual Integral en conjunto con activistas seropositives de la Red Argentina de J\u00f3venes y Adolescentes Positivxs (RAJAP) y cuenta con la colaboraci\u00f3n del \u00c1rea de Formaci\u00f3n en G\u00e9nero, Sexualidades y ESI de la Facultad de Filosof\u00eda y Humanidades de la Universidad Nacional de C\u00f3rdoba.<\/p>\n<p><img loading=\"lazy\" decoding=\"async\" class=\"size-full wp-image-281 alignnone\" src=\"http:\/\/ffyh.unc.edu.ar\/genero\/wp-content\/uploads\/sites\/34\/2023\/08\/cartillas-vih.jpeg\" alt=\"\" width=\"1270\" height=\"1600\" srcset=\"https:\/\/ffyh.unc.edu.ar\/genero\/wp-content\/uploads\/sites\/34\/2023\/08\/cartillas-vih.jpeg 1270w, https:\/\/ffyh.unc.edu.ar\/genero\/wp-content\/uploads\/sites\/34\/2023\/08\/cartillas-vih-238x300.jpeg 238w, https:\/\/ffyh.unc.edu.ar\/genero\/wp-content\/uploads\/sites\/34\/2023\/08\/cartillas-vih-813x1024.jpeg 813w, https:\/\/ffyh.unc.edu.ar\/genero\/wp-content\/uploads\/sites\/34\/2023\/08\/cartillas-vih-768x968.jpeg 768w, https:\/\/ffyh.unc.edu.ar\/genero\/wp-content\/uploads\/sites\/34\/2023\/08\/cartillas-vih-1219x1536.jpeg 1219w, https:\/\/ffyh.unc.edu.ar\/genero\/wp-content\/uploads\/sites\/34\/2023\/08\/cartillas-vih-750x945.jpeg 750w\" sizes=\"auto, (max-width: 1270px) 100vw, 1270px\" \/><\/p>\n<p><img loading=\"lazy\" decoding=\"async\" class=\"size-full wp-image-283 alignnone\" src=\"http:\/\/ffyh.unc.edu.ar\/genero\/wp-content\/uploads\/sites\/34\/2023\/08\/WhatsApp-Image-2023-08-15-at-18.49.11.jpeg\" alt=\"\" width=\"1080\" height=\"1080\" srcset=\"https:\/\/ffyh.unc.edu.ar\/genero\/wp-content\/uploads\/sites\/34\/2023\/08\/WhatsApp-Image-2023-08-15-at-18.49.11.jpeg 1080w, https:\/\/ffyh.unc.edu.ar\/genero\/wp-content\/uploads\/sites\/34\/2023\/08\/WhatsApp-Image-2023-08-15-at-18.49.11-300x300.jpeg 300w, https:\/\/ffyh.unc.edu.ar\/genero\/wp-content\/uploads\/sites\/34\/2023\/08\/WhatsApp-Image-2023-08-15-at-18.49.11-1024x1024.jpeg 1024w, https:\/\/ffyh.unc.edu.ar\/genero\/wp-content\/uploads\/sites\/34\/2023\/08\/WhatsApp-Image-2023-08-15-at-18.49.11-150x150.jpeg 150w, https:\/\/ffyh.unc.edu.ar\/genero\/wp-content\/uploads\/sites\/34\/2023\/08\/WhatsApp-Image-2023-08-15-at-18.49.11-768x768.jpeg 768w, https:\/\/ffyh.unc.edu.ar\/genero\/wp-content\/uploads\/sites\/34\/2023\/08\/WhatsApp-Image-2023-08-15-at-18.49.11-750x750.jpeg 750w\" sizes=\"auto, (max-width: 1080px) 100vw, 1080px\" \/><\/p>\n<\/div>\n<\/div>\n<\/div>\n","protected":false},"excerpt":{"rendered":"<p>Ser\u00e1 el viernes 18 de agosto, a las 18hs, en el Aula B del Pabell\u00f3n Residencial (Ciudad Universitaria). Presentan: Flavia Dezzutto, Eduardo Mattio, Guadalupe Molina, Javier L\u00f3pez, Mat\u00edas Farf\u00e1n y Gonzalo Valverde. En este marco, tambi\u00e9n se realizar\u00e1 la intervenci\u00f3n PALABRAS ACUERPADAS: TODO PLACER ES POL\u00cdTICO.<\/p><p><a class=\"more-link btn\" href=\"https:\/\/ffyh.unc.edu.ar\/genero\/2023\/08\/09\/presentacion-de-las-cartillas-informativas-vihsibilizar-y-vivir-con-vih-es-politico\/\">Seguir leyendo<\/a><\/p>\n","protected":false},"author":2,"featured_media":281,"comment_status":"open","ping_status":"open","sticky":false,"template":"","format":"standard","meta":{"_acf_changed":false,"footnotes":""},"categories":[2],"tags":[],"class_list":["post-280","post","type-post","status-publish","format-standard","has-post-thumbnail","hentry","category-noticias","item-wrap"],"acf":[],"jetpack_featured_media_url":"https:\/\/ffyh.unc.edu.ar\/genero\/wp-content\/uploads\/sites\/34\/2023\/08\/cartillas-vih.jpeg","_links":{"self":[{"href":"https:\/\/ffyh.unc.edu.ar\/genero\/wp-json\/wp\/v2\/posts\/280","targetHints":{"allow":["GET"]}}],"collection":[{"href":"https:\/\/ffyh.unc.edu.ar\/genero\/wp-json\/wp\/v2\/posts"}],"about":[{"href":"https:\/\/ffyh.unc.edu.ar\/genero\/wp-json\/wp\/v2\/types\/post"}],"author":[{"embeddable":true,"href":"https:\/\/ffyh.unc.edu.ar\/genero\/wp-json\/wp\/v2\/users\/2"}],"replies":[{"embeddable":true,"href":"https:\/\/ffyh.unc.edu.ar\/genero\/wp-json\/wp\/v2\/comments?post=280"}],"version-history":[{"count":2,"href":"https:\/\/ffyh.unc.edu.ar\/genero\/wp-json\/wp\/v2\/posts\/280\/revisions"}],"predecessor-version":[{"id":284,"href":"https:\/\/ffyh.unc.edu.ar\/genero\/wp-json\/wp\/v2\/posts\/280\/revisions\/284"}],"wp:featuredmedia":[{"embeddable":true,"href":"https:\/\/ffyh.unc.edu.ar\/genero\/wp-json\/wp\/v2\/media\/281"}],"wp:attachment":[{"href":"https:\/\/ffyh.unc.edu.ar\/genero\/wp-json\/wp\/v2\/media?parent=280"}],"wp:term":[{"taxonomy":"category","embeddable":true,"href":"https:\/\/ffyh.unc.edu.ar\/genero\/wp-json\/wp\/v2\/categories?post=280"},{"taxonomy":"post_tag","embeddable":true,"href":"https:\/\/ffyh.unc.edu.ar\/genero\/wp-json\/wp\/v2\/tags?post=280"}],"curies":[{"name":"wp","href":"https:\/\/api.w.org\/{rel}","templated":true}]}}