{"id":317,"date":"2023-12-01T16:45:36","date_gmt":"2023-12-01T15:45:36","guid":{"rendered":"https:\/\/ffyh.unc.edu.ar\/genero\/?p=317"},"modified":"2023-12-01T16:45:36","modified_gmt":"2023-12-01T15:45:36","slug":"1o-de-diciembre-dia-internacional-de-accion-en-respuesta-al-vih-2","status":"publish","type":"post","link":"https:\/\/ffyh.unc.edu.ar\/genero\/2023\/12\/01\/1o-de-diciembre-dia-internacional-de-accion-en-respuesta-al-vih-2\/","title":{"rendered":"1\u00ba de diciembre | D\u00eda internacional de acci\u00f3n en respuesta al VIH"},"content":{"rendered":"<p><span style=\"font-size: 16px\">En este marco, les invitamos a descargar desde <a href=\"https:\/\/ffyh.unc.edu.ar\/genero\/cartillas-informativas-vih\/\" target=\"_blank\" rel=\"noopener\">https:\/\/ffyh.unc.edu.ar\/genero\/cartillas-informativas-vih\/<\/a> las cartillas informativas \u201cVIHsibilizar\u201d y \u201cVivir con VIH es pol\u00edtico\u201d, realizadas por el Programa de G\u00e9nero, Sexualidad y Educaci\u00f3n Sexual Integral de la Facultad de Filosof\u00eda y Humanidades de la UNC junto a activistas seropositives de la Red Argentina de J\u00f3venes y Adolescentes Positivxs (RAJAP), en colaboraci\u00f3n del \u00c1rea de Formaci\u00f3n en G\u00e9nero, Sexualidades y ESI.<\/span><\/p>\n<p><!--more--><\/p>\n<blockquote>\n<p style=\"text-align: right\">40 a\u00f1os de democracia<br \/>\n4 d\u00e9cadas con VIH con ley y sin cura<br \/>\n#QueremosLaCuraYa!<\/p>\n<\/blockquote>\n<p><img loading=\"lazy\" decoding=\"async\" class=\"alignnone size-full wp-image-318\" src=\"http:\/\/ffyh.unc.edu.ar\/genero\/wp-content\/uploads\/sites\/34\/2023\/12\/vih-2023.jpeg\" alt=\"\" width=\"1600\" height=\"1600\" srcset=\"https:\/\/ffyh.unc.edu.ar\/genero\/wp-content\/uploads\/sites\/34\/2023\/12\/vih-2023.jpeg 1600w, https:\/\/ffyh.unc.edu.ar\/genero\/wp-content\/uploads\/sites\/34\/2023\/12\/vih-2023-300x300.jpeg 300w, https:\/\/ffyh.unc.edu.ar\/genero\/wp-content\/uploads\/sites\/34\/2023\/12\/vih-2023-1024x1024.jpeg 1024w, https:\/\/ffyh.unc.edu.ar\/genero\/wp-content\/uploads\/sites\/34\/2023\/12\/vih-2023-150x150.jpeg 150w, https:\/\/ffyh.unc.edu.ar\/genero\/wp-content\/uploads\/sites\/34\/2023\/12\/vih-2023-768x768.jpeg 768w, https:\/\/ffyh.unc.edu.ar\/genero\/wp-content\/uploads\/sites\/34\/2023\/12\/vih-2023-1536x1536.jpeg 1536w, https:\/\/ffyh.unc.edu.ar\/genero\/wp-content\/uploads\/sites\/34\/2023\/12\/vih-2023-750x750.jpeg 750w\" sizes=\"auto, (max-width: 1600px) 100vw, 1600px\" \/><\/p>\n","protected":false},"excerpt":{"rendered":"<p>En este marco, les invitamos a descargar desde https:\/\/ffyh.unc.edu.ar\/genero\/cartillas-informativas-vih\/ las cartillas informativas \u201cVIHsibilizar\u201d y \u201cVivir con VIH es pol\u00edtico\u201d, realizadas por el Programa de G\u00e9nero, Sexualidad y Educaci\u00f3n Sexual Integral de la Facultad de Filosof\u00eda y Humanidades de la UNC junto a activistas seropositives de la Red Argentina de J\u00f3venes y Adolescentes Positivxs (RAJAP), en &hellip; <\/p>\n<p><a class=\"more-link btn\" href=\"https:\/\/ffyh.unc.edu.ar\/genero\/2023\/12\/01\/1o-de-diciembre-dia-internacional-de-accion-en-respuesta-al-vih-2\/\">Seguir leyendo<\/a><\/p>\n","protected":false},"author":2,"featured_media":318,"comment_status":"open","ping_status":"open","sticky":false,"template":"","format":"standard","meta":{"_acf_changed":false,"footnotes":""},"categories":[2],"tags":[],"class_list":["post-317","post","type-post","status-publish","format-standard","has-post-thumbnail","hentry","category-noticias","item-wrap"],"acf":[],"jetpack_featured_media_url":"https:\/\/ffyh.unc.edu.ar\/genero\/wp-content\/uploads\/sites\/34\/2023\/12\/vih-2023.jpeg","_links":{"self":[{"href":"https:\/\/ffyh.unc.edu.ar\/genero\/wp-json\/wp\/v2\/posts\/317","targetHints":{"allow":["GET"]}}],"collection":[{"href":"https:\/\/ffyh.unc.edu.ar\/genero\/wp-json\/wp\/v2\/posts"}],"about":[{"href":"https:\/\/ffyh.unc.edu.ar\/genero\/wp-json\/wp\/v2\/types\/post"}],"author":[{"embeddable":true,"href":"https:\/\/ffyh.unc.edu.ar\/genero\/wp-json\/wp\/v2\/users\/2"}],"replies":[{"embeddable":true,"href":"https:\/\/ffyh.unc.edu.ar\/genero\/wp-json\/wp\/v2\/comments?post=317"}],"version-history":[{"count":1,"href":"https:\/\/ffyh.unc.edu.ar\/genero\/wp-json\/wp\/v2\/posts\/317\/revisions"}],"predecessor-version":[{"id":319,"href":"https:\/\/ffyh.unc.edu.ar\/genero\/wp-json\/wp\/v2\/posts\/317\/revisions\/319"}],"wp:featuredmedia":[{"embeddable":true,"href":"https:\/\/ffyh.unc.edu.ar\/genero\/wp-json\/wp\/v2\/media\/318"}],"wp:attachment":[{"href":"https:\/\/ffyh.unc.edu.ar\/genero\/wp-json\/wp\/v2\/media?parent=317"}],"wp:term":[{"taxonomy":"category","embeddable":true,"href":"https:\/\/ffyh.unc.edu.ar\/genero\/wp-json\/wp\/v2\/categories?post=317"},{"taxonomy":"post_tag","embeddable":true,"href":"https:\/\/ffyh.unc.edu.ar\/genero\/wp-json\/wp\/v2\/tags?post=317"}],"curies":[{"name":"wp","href":"https:\/\/api.w.org\/{rel}","templated":true}]}}