{"id":328,"date":"2024-02-29T14:25:34","date_gmt":"2024-02-29T13:25:34","guid":{"rendered":"https:\/\/ffyh.unc.edu.ar\/genero\/?p=328"},"modified":"2024-02-29T14:26:07","modified_gmt":"2024-02-29T13:26:07","slug":"el-lenguaje-inclusivo-y-la-perspectiva-de-genero-son-herramientas-utiles-para-habilitar-el-respeto-reconocimiento-y-existencia-de-todos-los-cuerpos","status":"publish","type":"post","link":"https:\/\/ffyh.unc.edu.ar\/genero\/2024\/02\/29\/el-lenguaje-inclusivo-y-la-perspectiva-de-genero-son-herramientas-utiles-para-habilitar-el-respeto-reconocimiento-y-existencia-de-todos-los-cuerpos\/","title":{"rendered":"El lenguaje inclusivo y la perspectiva de g\u00e9nero son herramientas \u00fatiles para habilitar el respeto, reconocimiento y existencia de todos los cuerpos"},"content":{"rendered":"<p>Desde los espacios de g\u00e9nero y sexualidades de la Facultad de Filosof\u00eda y Humanidades, nos manifestamos en contra de la decisi\u00f3n del gobierno nacional de \u201cprohibir lenguaje inclusivo y todo lo referente a la perspectiva de g\u00e9nero en toda la administraci\u00f3n p\u00fablica nacional\u201d.<\/p>\n<p><!--more--><\/p>\n<p>Esta medida se enmarca junto a otras que mediante el recorte, desfinanciamiento y la prohibici\u00f3n quieren dar marcha atr\u00e1s en los logros y derechos conseguidos por movimientos transfeministas, feministas, de mujeres y de la disidencia sexual, y redunda en las m\u00faltiples violencias que se est\u00e1n ejerciendo sobre la poblaci\u00f3n toda y en particular sobre la m\u00e1s precarizada.<\/p>\n<p>Entendemos que el lenguaje inclusivo y la perspectiva de g\u00e9nero son herramientas \u00fatiles para habilitar el respeto, reconocimiento, y existencia de todos los cuerpos y sus expresiones singulares.<\/p>\n<p>Seguiremos trabajando en pos de sostener y ampliar los horizontes de reconocimiento y los derechos conseguidos.<\/p>\n<p><img loading=\"lazy\" decoding=\"async\" class=\"alignnone size-full wp-image-329\" src=\"http:\/\/ffyh.unc.edu.ar\/genero\/wp-content\/uploads\/sites\/34\/2024\/02\/declaracion-lenguaje-inclusivo.jpeg\" alt=\"\" width=\"1270\" height=\"1600\" srcset=\"https:\/\/ffyh.unc.edu.ar\/genero\/wp-content\/uploads\/sites\/34\/2024\/02\/declaracion-lenguaje-inclusivo.jpeg 1270w, https:\/\/ffyh.unc.edu.ar\/genero\/wp-content\/uploads\/sites\/34\/2024\/02\/declaracion-lenguaje-inclusivo-238x300.jpeg 238w, https:\/\/ffyh.unc.edu.ar\/genero\/wp-content\/uploads\/sites\/34\/2024\/02\/declaracion-lenguaje-inclusivo-813x1024.jpeg 813w, https:\/\/ffyh.unc.edu.ar\/genero\/wp-content\/uploads\/sites\/34\/2024\/02\/declaracion-lenguaje-inclusivo-768x968.jpeg 768w, https:\/\/ffyh.unc.edu.ar\/genero\/wp-content\/uploads\/sites\/34\/2024\/02\/declaracion-lenguaje-inclusivo-1219x1536.jpeg 1219w, https:\/\/ffyh.unc.edu.ar\/genero\/wp-content\/uploads\/sites\/34\/2024\/02\/declaracion-lenguaje-inclusivo-750x945.jpeg 750w\" sizes=\"auto, (max-width: 1270px) 100vw, 1270px\" \/><\/p>\n","protected":false},"excerpt":{"rendered":"<p>Desde los espacios de g\u00e9nero y sexualidades de la Facultad de Filosof\u00eda y Humanidades, nos manifestamos en contra de la decisi\u00f3n del gobierno nacional de \u201cprohibir lenguaje inclusivo y todo lo referente a la perspectiva de g\u00e9nero en toda la administraci\u00f3n p\u00fablica nacional\u201d.<\/p><p><a class=\"more-link btn\" href=\"https:\/\/ffyh.unc.edu.ar\/genero\/2024\/02\/29\/el-lenguaje-inclusivo-y-la-perspectiva-de-genero-son-herramientas-utiles-para-habilitar-el-respeto-reconocimiento-y-existencia-de-todos-los-cuerpos\/\">Seguir leyendo<\/a><\/p>\n","protected":false},"author":2,"featured_media":329,"comment_status":"open","ping_status":"open","sticky":false,"template":"","format":"standard","meta":{"_acf_changed":false,"footnotes":""},"categories":[2],"tags":[],"class_list":["post-328","post","type-post","status-publish","format-standard","has-post-thumbnail","hentry","category-noticias","item-wrap"],"acf":[],"jetpack_featured_media_url":"https:\/\/ffyh.unc.edu.ar\/genero\/wp-content\/uploads\/sites\/34\/2024\/02\/declaracion-lenguaje-inclusivo.jpeg","_links":{"self":[{"href":"https:\/\/ffyh.unc.edu.ar\/genero\/wp-json\/wp\/v2\/posts\/328","targetHints":{"allow":["GET"]}}],"collection":[{"href":"https:\/\/ffyh.unc.edu.ar\/genero\/wp-json\/wp\/v2\/posts"}],"about":[{"href":"https:\/\/ffyh.unc.edu.ar\/genero\/wp-json\/wp\/v2\/types\/post"}],"author":[{"embeddable":true,"href":"https:\/\/ffyh.unc.edu.ar\/genero\/wp-json\/wp\/v2\/users\/2"}],"replies":[{"embeddable":true,"href":"https:\/\/ffyh.unc.edu.ar\/genero\/wp-json\/wp\/v2\/comments?post=328"}],"version-history":[{"count":2,"href":"https:\/\/ffyh.unc.edu.ar\/genero\/wp-json\/wp\/v2\/posts\/328\/revisions"}],"predecessor-version":[{"id":331,"href":"https:\/\/ffyh.unc.edu.ar\/genero\/wp-json\/wp\/v2\/posts\/328\/revisions\/331"}],"wp:featuredmedia":[{"embeddable":true,"href":"https:\/\/ffyh.unc.edu.ar\/genero\/wp-json\/wp\/v2\/media\/329"}],"wp:attachment":[{"href":"https:\/\/ffyh.unc.edu.ar\/genero\/wp-json\/wp\/v2\/media?parent=328"}],"wp:term":[{"taxonomy":"category","embeddable":true,"href":"https:\/\/ffyh.unc.edu.ar\/genero\/wp-json\/wp\/v2\/categories?post=328"},{"taxonomy":"post_tag","embeddable":true,"href":"https:\/\/ffyh.unc.edu.ar\/genero\/wp-json\/wp\/v2\/tags?post=328"}],"curies":[{"name":"wp","href":"https:\/\/api.w.org\/{rel}","templated":true}]}}