{"id":332,"date":"2024-03-01T14:35:40","date_gmt":"2024-03-01T13:35:40","guid":{"rendered":"https:\/\/ffyh.unc.edu.ar\/genero\/?p=332"},"modified":"2024-03-01T14:35:40","modified_gmt":"2024-03-01T13:35:40","slug":"conversatorio-taller-que-significa-el-8-de-marzo-tensiones-y-desafios-en-el-contexto-actual","status":"publish","type":"post","link":"https:\/\/ffyh.unc.edu.ar\/genero\/2024\/03\/01\/conversatorio-taller-que-significa-el-8-de-marzo-tensiones-y-desafios-en-el-contexto-actual\/","title":{"rendered":"Conversatorio Taller: \u00bfQU\u00c9 SIGNIFICA EL 8 DE MARZO? TENSIONES Y DESAF\u00cdOS EN EL CONTEXTO ACTUAL"},"content":{"rendered":"<p>El jueves 7 de marzo, de 17 a 19 hs, en el Auditorio Hugo Ch\u00e1vez del Pabell\u00f3n Venezuela (Ciudad Universitaria), se llevar\u00e1 a cabo el conversatorio-taller destinado a Ingresantes de la FFyH titulado\u00a0<strong>\u00bfQU\u00c9 SIGNIFICA EL 8 DE MARZO? TENSIONES Y DESAF\u00cdOS EN EL CONTEXTO ACTUAL.<\/strong><\/p>\n<p><!--more--><\/p>\n<p>Camino al #8M, la actividad se propone en un primer momento un espacio de conversaci\u00f3n historizando el camino y la construcci\u00f3n del 8 de marzo como fecha clave en la agenda feminista. Comprendiendo que los procesos organizativos no son\u00a0 lineales ni homog\u00e9neos, la intenci\u00f3n es observar los movimientos transfeministas, feministas, de mujeres y de la disidencia sexual de C\u00f3rdoba, las demandas y discusiones que los atraviesan, y los desaf\u00edos actuales en el contexto de precariedad, crisis y retroceso en logros conseguidos\u00a0 en materia de derechos.<\/p>\n<p>En un segundo momento, se invita, a partir de consignas disparadoras del conversatorio,\u00a0 a realizar un taller de construcci\u00f3n de consignas, a partir de lo discutido y conversado visibilizando estas producciones en alg\u00fan espacio de la Facultad.<\/p>\n<p>El conversatorio-taller est\u00e1 organizado por el\u00a0Programa de G\u00e9nero, Sexualidades y Educaci\u00f3n Sexual Integral, el\u00a0\u00c1rea de Inclusi\u00f3n Estudiantil a los Estudios Superiores, el\u00a0\u00c1rea de Formaci\u00f3n en G\u00e9neros, Sexualidades y ESI, el \u00c1rea\u00a0Feminismos, G\u00e9nero y Sexualidades. del CIFFyH, la\u00a0Secretar\u00eda de Asuntos Estudiantiles y el\u00a0Centro de Estudiantes de la FFyH.<\/p>\n<p><img loading=\"lazy\" decoding=\"async\" class=\"alignnone size-full wp-image-333\" src=\"http:\/\/ffyh.unc.edu.ar\/genero\/wp-content\/uploads\/sites\/34\/2024\/03\/taller-ingresantes-genero.jpeg\" alt=\"\" width=\"1270\" height=\"1600\" srcset=\"https:\/\/ffyh.unc.edu.ar\/genero\/wp-content\/uploads\/sites\/34\/2024\/03\/taller-ingresantes-genero.jpeg 1270w, https:\/\/ffyh.unc.edu.ar\/genero\/wp-content\/uploads\/sites\/34\/2024\/03\/taller-ingresantes-genero-238x300.jpeg 238w, https:\/\/ffyh.unc.edu.ar\/genero\/wp-content\/uploads\/sites\/34\/2024\/03\/taller-ingresantes-genero-813x1024.jpeg 813w, https:\/\/ffyh.unc.edu.ar\/genero\/wp-content\/uploads\/sites\/34\/2024\/03\/taller-ingresantes-genero-768x968.jpeg 768w, https:\/\/ffyh.unc.edu.ar\/genero\/wp-content\/uploads\/sites\/34\/2024\/03\/taller-ingresantes-genero-1219x1536.jpeg 1219w, https:\/\/ffyh.unc.edu.ar\/genero\/wp-content\/uploads\/sites\/34\/2024\/03\/taller-ingresantes-genero-750x945.jpeg 750w\" sizes=\"auto, (max-width: 1270px) 100vw, 1270px\" \/><\/p>\n","protected":false},"excerpt":{"rendered":"<p>El jueves 7 de marzo, de 17 a 19 hs, en el Auditorio Hugo Ch\u00e1vez del Pabell\u00f3n Venezuela (Ciudad Universitaria), se llevar\u00e1 a cabo el conversatorio-taller destinado a Ingresantes de la FFyH titulado\u00a0\u00bfQU\u00c9 SIGNIFICA EL 8 DE MARZO? TENSIONES Y DESAF\u00cdOS EN EL CONTEXTO ACTUAL.<\/p><p><a class=\"more-link btn\" href=\"https:\/\/ffyh.unc.edu.ar\/genero\/2024\/03\/01\/conversatorio-taller-que-significa-el-8-de-marzo-tensiones-y-desafios-en-el-contexto-actual\/\">Seguir leyendo<\/a><\/p>\n","protected":false},"author":2,"featured_media":333,"comment_status":"open","ping_status":"open","sticky":false,"template":"","format":"standard","meta":{"_acf_changed":false,"footnotes":""},"categories":[2],"tags":[],"class_list":["post-332","post","type-post","status-publish","format-standard","has-post-thumbnail","hentry","category-noticias","item-wrap"],"acf":[],"jetpack_featured_media_url":"https:\/\/ffyh.unc.edu.ar\/genero\/wp-content\/uploads\/sites\/34\/2024\/03\/taller-ingresantes-genero.jpeg","_links":{"self":[{"href":"https:\/\/ffyh.unc.edu.ar\/genero\/wp-json\/wp\/v2\/posts\/332","targetHints":{"allow":["GET"]}}],"collection":[{"href":"https:\/\/ffyh.unc.edu.ar\/genero\/wp-json\/wp\/v2\/posts"}],"about":[{"href":"https:\/\/ffyh.unc.edu.ar\/genero\/wp-json\/wp\/v2\/types\/post"}],"author":[{"embeddable":true,"href":"https:\/\/ffyh.unc.edu.ar\/genero\/wp-json\/wp\/v2\/users\/2"}],"replies":[{"embeddable":true,"href":"https:\/\/ffyh.unc.edu.ar\/genero\/wp-json\/wp\/v2\/comments?post=332"}],"version-history":[{"count":1,"href":"https:\/\/ffyh.unc.edu.ar\/genero\/wp-json\/wp\/v2\/posts\/332\/revisions"}],"predecessor-version":[{"id":334,"href":"https:\/\/ffyh.unc.edu.ar\/genero\/wp-json\/wp\/v2\/posts\/332\/revisions\/334"}],"wp:featuredmedia":[{"embeddable":true,"href":"https:\/\/ffyh.unc.edu.ar\/genero\/wp-json\/wp\/v2\/media\/333"}],"wp:attachment":[{"href":"https:\/\/ffyh.unc.edu.ar\/genero\/wp-json\/wp\/v2\/media?parent=332"}],"wp:term":[{"taxonomy":"category","embeddable":true,"href":"https:\/\/ffyh.unc.edu.ar\/genero\/wp-json\/wp\/v2\/categories?post=332"},{"taxonomy":"post_tag","embeddable":true,"href":"https:\/\/ffyh.unc.edu.ar\/genero\/wp-json\/wp\/v2\/tags?post=332"}],"curies":[{"name":"wp","href":"https:\/\/api.w.org\/{rel}","templated":true}]}}