{"id":347,"date":"2023-12-19T18:05:39","date_gmt":"2023-12-19T17:05:39","guid":{"rendered":"https:\/\/ffyh.unc.edu.ar\/genero\/?p=347"},"modified":"2024-03-19T18:06:45","modified_gmt":"2024-03-19T17:06:45","slug":"cartillas-informativas-vihsibilizar-y-vivir-con-vih-es-politico","status":"publish","type":"post","link":"https:\/\/ffyh.unc.edu.ar\/genero\/2023\/12\/19\/cartillas-informativas-vihsibilizar-y-vivir-con-vih-es-politico\/","title":{"rendered":"Cartillas informativas | \u201cVIHsibilizar\u201d y \u201cVivir con VIH es pol\u00edtico\u201d"},"content":{"rendered":"<p>Las Cartillas \u201c<a href=\"https:\/\/issuu.com\/gonzxvalverde\/docs\/vihsibilizar\" target=\"_blank\" rel=\"noopener\">VIHsibilizar<\/a>\u201d y \u201c<a href=\"https:\/\/issuu.com\/gonzxvalverde\/docs\/vivir_con_vih_es_pol_tico\" target=\"_blank\" rel=\"noopener\">Vivir con VIH es pol\u00edtico<\/a>\u201d son un Proyecto realizado desde el Programa de G\u00e9nero, Sexualidades y Educaci\u00f3n Sexual Integral en conjunto con activistas seropositives de la Red Argentina de J\u00f3venes y Adolescentes Positivxs (RAJAP) y cuenta con la colaboraci\u00f3n del \u00c1rea de Formaci\u00f3n en G\u00e9nero, Sexualidades y ESI de la Facultad de Filosof\u00eda y Humanidades de la Universidad Nacional de C\u00f3rdoba.<\/p>\n<p><!--more--><\/p>\n<div class=\"embed-container\">\n<div data-url=\"https:\/\/issuu.com\/gonzxvalverde\/docs\/vivir_con_vih_es_pol_tico\" style=\"width: 750px; height: 531px;\" class=\"issuuembed\"><\/div>\n<p><script type=\"text\/javascript\" src=\"\/\/e.issuu.com\/embed.js\" async=\"true\"><\/script><\/div>\n<p>&nbsp;<\/p>\n<div class=\"embed-container\">\n<div data-url=\"https:\/\/issuu.com\/gonzxvalverde\/docs\/vihsibilizar\" style=\"width: 750px; height: 531px;\" class=\"issuuembed\"><\/div>\n<p><script type=\"text\/javascript\" src=\"\/\/e.issuu.com\/embed.js\" async=\"true\"><\/script><\/div>\n","protected":false},"excerpt":{"rendered":"<p>Las Cartillas \u201cVIHsibilizar\u201d y \u201cVivir con VIH es pol\u00edtico\u201d son un Proyecto realizado desde el Programa de G\u00e9nero, Sexualidades y Educaci\u00f3n Sexual Integral en conjunto con activistas seropositives de la Red Argentina de J\u00f3venes y Adolescentes Positivxs (RAJAP) y cuenta con la colaboraci\u00f3n del \u00c1rea de Formaci\u00f3n en G\u00e9nero, Sexualidades y ESI de la Facultad &hellip; <\/p>\n<p><a class=\"more-link btn\" href=\"https:\/\/ffyh.unc.edu.ar\/genero\/2023\/12\/19\/cartillas-informativas-vihsibilizar-y-vivir-con-vih-es-politico\/\">Seguir leyendo<\/a><\/p>\n","protected":false},"author":2,"featured_media":0,"comment_status":"open","ping_status":"open","sticky":false,"template":"","format":"standard","meta":{"_acf_changed":false,"footnotes":""},"categories":[6],"tags":[],"class_list":["post-347","post","type-post","status-publish","format-standard","hentry","category-materiales","item-wrap"],"acf":[],"jetpack_featured_media_url":"","_links":{"self":[{"href":"https:\/\/ffyh.unc.edu.ar\/genero\/wp-json\/wp\/v2\/posts\/347","targetHints":{"allow":["GET"]}}],"collection":[{"href":"https:\/\/ffyh.unc.edu.ar\/genero\/wp-json\/wp\/v2\/posts"}],"about":[{"href":"https:\/\/ffyh.unc.edu.ar\/genero\/wp-json\/wp\/v2\/types\/post"}],"author":[{"embeddable":true,"href":"https:\/\/ffyh.unc.edu.ar\/genero\/wp-json\/wp\/v2\/users\/2"}],"replies":[{"embeddable":true,"href":"https:\/\/ffyh.unc.edu.ar\/genero\/wp-json\/wp\/v2\/comments?post=347"}],"version-history":[{"count":1,"href":"https:\/\/ffyh.unc.edu.ar\/genero\/wp-json\/wp\/v2\/posts\/347\/revisions"}],"predecessor-version":[{"id":348,"href":"https:\/\/ffyh.unc.edu.ar\/genero\/wp-json\/wp\/v2\/posts\/347\/revisions\/348"}],"wp:attachment":[{"href":"https:\/\/ffyh.unc.edu.ar\/genero\/wp-json\/wp\/v2\/media?parent=347"}],"wp:term":[{"taxonomy":"category","embeddable":true,"href":"https:\/\/ffyh.unc.edu.ar\/genero\/wp-json\/wp\/v2\/categories?post=347"},{"taxonomy":"post_tag","embeddable":true,"href":"https:\/\/ffyh.unc.edu.ar\/genero\/wp-json\/wp\/v2\/tags?post=347"}],"curies":[{"name":"wp","href":"https:\/\/api.w.org\/{rel}","templated":true}]}}