{"id":429,"date":"2024-09-20T14:53:01","date_gmt":"2024-09-20T12:53:01","guid":{"rendered":"https:\/\/ffyh.unc.edu.ar\/genero\/?p=429"},"modified":"2024-09-20T14:53:50","modified_gmt":"2024-09-20T12:53:50","slug":"segunda-convocatoria-para-la-esiteca-el-repositorio-virtual-de-trabajos-sobre-educacion-sexual-integral-producidos-en-la-ffyh","status":"publish","type":"post","link":"https:\/\/ffyh.unc.edu.ar\/genero\/2024\/09\/20\/segunda-convocatoria-para-la-esiteca-el-repositorio-virtual-de-trabajos-sobre-educacion-sexual-integral-producidos-en-la-ffyh\/","title":{"rendered":"Segunda convocatoria para la ESIteca, el repositorio virtual de trabajos sobre Educaci\u00f3n Sexual Integral producidos en la FFyH"},"content":{"rendered":"<header class=\"entry-header\">\n<p class=\"entry-title\">Los trabajos se reciben hasta el 11 de noviembre y est\u00e1 destinada a docentes, nodocentes, graduadxs y estudiantes integrantes de c\u00e1tedras o equipos de investigaci\u00f3n o extensi\u00f3n que hayan elaborado propuestas y materiales de formaci\u00f3n, investigaci\u00f3n e intervenci\u00f3n sobre ESI en instituciones educativas p\u00fablicas.<\/p>\n<\/header>\n<p><!--more--><\/p>\n<div class=\"entry-content\">\n<p>El objetivo es reunir, visibilizar y poner al servicio de la comunidad el trabajo acad\u00e9mico y de extensi\u00f3n sobre Educaci\u00f3n Sexual Integral de quienes integran la Facultad de Filosof\u00eda y Humanidades, as\u00ed como tambi\u00e9n vincularnos con quienes, habi\u00e9ndose formado en nuestra unidad acad\u00e9mica, articulan y ense\u00f1an en otros espacios de formaci\u00f3n e investigaci\u00f3n.<\/p>\n<p><strong>Condiciones:<\/strong><\/p>\n<ul>\n<li>Se aceptar\u00e1n propuestas en formato de texto, imagen y video ya sean art\u00edculos, ensayos, trabajos finales (de licenciatura o posgrado con recomendaci\u00f3n de publicaci\u00f3n), monograf\u00edas, propuestas did\u00e1cticas.<\/li>\n<li>Los textos se receptar\u00e1n en su versi\u00f3n digital, en formato pdf, imagen en png, jpg y video en mp4, wav hasta 500MB, con la licencia creative commons correspondiente incluida.<\/li>\n<li>Se deber\u00e1n ajustar a las normas de publicaci\u00f3n de ANSENUZA. Disponibles en:\u00a0\u00a0<a href=\"https:\/\/ansenuza.unc.edu.ar\/requisitos-para-publicar-tu-obra\/\" target=\"_blank\" rel=\"noopener\">https:\/\/ansenuza.unc.edu.ar\/requisitos-para-publicar-tu-obra\/<\/a><\/li>\n<li>Se deber\u00e1 incluir un resumen de hasta 200 palabras, y tres a cinco palabras claves.<\/li>\n<li>Deber\u00e1n estar orientadas para la pr\u00e1ctica docente y usos did\u00e1cticos.<\/li>\n<li>Las propuestas tendr\u00e1n que estar enmarcadas en el enfoque de Derechos Humanos que contempla la Ley 26.150 de ESI.<\/li>\n<\/ul>\n<blockquote><p>Formulario para el env\u00edo del material: <a style=\"background-color: #ffffff\" href=\"https:\/\/bit.ly\/2-convocatoria-esiteca\" target=\"_blank\" rel=\"noopener\">https:\/\/bit.ly\/2-convocatoria-esiteca<\/a><\/p><\/blockquote>\n<p><span style=\"font-size: 16px\">Este llamado es parte de un esfuerzo coordinado entre el Programa de Derechos Humanos, el \u00c1rea de Formaci\u00f3n de G\u00e9nero, Sexualidades y ESI, el \u00c1rea de Tecnolog\u00eda Educativa, el \u00c1rea Feminismos, G\u00e9neros y Sexualidades y \u00c1rea de Educaci\u00f3n del Centro de Investigaciones; el CIFFyH; el Programa de G\u00e9nero, Sexualidades y Educaci\u00f3n Sexual Integral, la Secretar\u00eda de Posgrado y la Secretar\u00eda de Graduadxs.<\/span><\/p>\n<blockquote><p><a style=\"background-color: #ffffff\" href=\"https:\/\/ffyh.unc.edu.ar\/wp-content\/uploads\/2024\/09\/2da-Convocatoria-Repositorio-ESI.pdf\" target=\"_blank\" rel=\"noopener\">Descargar Convocatoria completa<\/a><\/p>\n<p><a href=\"https:\/\/ffyh.unc.edu.ar\/wp-content\/uploads\/2024\/09\/Bases-2da-Convocatoria-ESI.pdf\" target=\"_blank\" rel=\"noopener\">Descargar Bases<\/a><\/p>\n<p><img loading=\"lazy\" decoding=\"async\" class=\"alignnone size-full wp-image-430\" src=\"http:\/\/ffyh.unc.edu.ar\/genero\/wp-content\/uploads\/sites\/34\/2024\/09\/2-convocatoria-esiteca.jpeg\" alt=\"\" width=\"1600\" height=\"1599\" srcset=\"https:\/\/ffyh.unc.edu.ar\/genero\/wp-content\/uploads\/sites\/34\/2024\/09\/2-convocatoria-esiteca.jpeg 1600w, https:\/\/ffyh.unc.edu.ar\/genero\/wp-content\/uploads\/sites\/34\/2024\/09\/2-convocatoria-esiteca-300x300.jpeg 300w, https:\/\/ffyh.unc.edu.ar\/genero\/wp-content\/uploads\/sites\/34\/2024\/09\/2-convocatoria-esiteca-1024x1024.jpeg 1024w, https:\/\/ffyh.unc.edu.ar\/genero\/wp-content\/uploads\/sites\/34\/2024\/09\/2-convocatoria-esiteca-150x150.jpeg 150w, https:\/\/ffyh.unc.edu.ar\/genero\/wp-content\/uploads\/sites\/34\/2024\/09\/2-convocatoria-esiteca-768x768.jpeg 768w, https:\/\/ffyh.unc.edu.ar\/genero\/wp-content\/uploads\/sites\/34\/2024\/09\/2-convocatoria-esiteca-1536x1536.jpeg 1536w, https:\/\/ffyh.unc.edu.ar\/genero\/wp-content\/uploads\/sites\/34\/2024\/09\/2-convocatoria-esiteca-750x750.jpeg 750w\" sizes=\"auto, (max-width: 1600px) 100vw, 1600px\" \/><\/p><\/blockquote>\n<\/div>\n<blockquote><p>&nbsp;<\/p><\/blockquote>\n","protected":false},"excerpt":{"rendered":"<p>Los trabajos se reciben hasta el 11 de noviembre y est\u00e1 destinada a docentes, nodocentes, graduadxs y estudiantes integrantes de c\u00e1tedras o equipos de investigaci\u00f3n o extensi\u00f3n que hayan elaborado propuestas y materiales de formaci\u00f3n, investigaci\u00f3n e intervenci\u00f3n sobre ESI en instituciones educativas p\u00fablicas.<\/p><p><a class=\"more-link btn\" href=\"https:\/\/ffyh.unc.edu.ar\/genero\/2024\/09\/20\/segunda-convocatoria-para-la-esiteca-el-repositorio-virtual-de-trabajos-sobre-educacion-sexual-integral-producidos-en-la-ffyh\/\">Seguir leyendo<\/a><\/p>\n","protected":false},"author":2,"featured_media":430,"comment_status":"open","ping_status":"open","sticky":false,"template":"","format":"standard","meta":{"_acf_changed":false,"footnotes":""},"categories":[6,2],"tags":[],"class_list":["post-429","post","type-post","status-publish","format-standard","has-post-thumbnail","hentry","category-materiales","category-noticias","item-wrap"],"acf":[],"jetpack_featured_media_url":"https:\/\/ffyh.unc.edu.ar\/genero\/wp-content\/uploads\/sites\/34\/2024\/09\/2-convocatoria-esiteca.jpeg","_links":{"self":[{"href":"https:\/\/ffyh.unc.edu.ar\/genero\/wp-json\/wp\/v2\/posts\/429","targetHints":{"allow":["GET"]}}],"collection":[{"href":"https:\/\/ffyh.unc.edu.ar\/genero\/wp-json\/wp\/v2\/posts"}],"about":[{"href":"https:\/\/ffyh.unc.edu.ar\/genero\/wp-json\/wp\/v2\/types\/post"}],"author":[{"embeddable":true,"href":"https:\/\/ffyh.unc.edu.ar\/genero\/wp-json\/wp\/v2\/users\/2"}],"replies":[{"embeddable":true,"href":"https:\/\/ffyh.unc.edu.ar\/genero\/wp-json\/wp\/v2\/comments?post=429"}],"version-history":[{"count":3,"href":"https:\/\/ffyh.unc.edu.ar\/genero\/wp-json\/wp\/v2\/posts\/429\/revisions"}],"predecessor-version":[{"id":433,"href":"https:\/\/ffyh.unc.edu.ar\/genero\/wp-json\/wp\/v2\/posts\/429\/revisions\/433"}],"wp:featuredmedia":[{"embeddable":true,"href":"https:\/\/ffyh.unc.edu.ar\/genero\/wp-json\/wp\/v2\/media\/430"}],"wp:attachment":[{"href":"https:\/\/ffyh.unc.edu.ar\/genero\/wp-json\/wp\/v2\/media?parent=429"}],"wp:term":[{"taxonomy":"category","embeddable":true,"href":"https:\/\/ffyh.unc.edu.ar\/genero\/wp-json\/wp\/v2\/categories?post=429"},{"taxonomy":"post_tag","embeddable":true,"href":"https:\/\/ffyh.unc.edu.ar\/genero\/wp-json\/wp\/v2\/tags?post=429"}],"curies":[{"name":"wp","href":"https:\/\/api.w.org\/{rel}","templated":true}]}}