{"id":477,"date":"2025-03-26T16:54:24","date_gmt":"2025-03-26T15:54:24","guid":{"rendered":"https:\/\/ffyh.unc.edu.ar\/genero\/?p=477"},"modified":"2025-03-27T18:12:26","modified_gmt":"2025-03-27T17:12:26","slug":"revueltas-perversas-jornadas-queercuir","status":"publish","type":"post","link":"https:\/\/ffyh.unc.edu.ar\/genero\/2025\/03\/26\/revueltas-perversas-jornadas-queercuir\/","title":{"rendered":"Revueltas perversas. Jornadas QueerCuir"},"content":{"rendered":"<p><strong>Se desarrollar\u00e1n los d\u00edas 28, 29 y 30 de mayo de 2025 en la Facultad de Filosof\u00eda y Humanidades.<\/strong><\/p>\n<p><!--more--><\/p>\n<p>Vivimos en un contexto social y pol\u00edtico de recrudecimiento de posiciones fascistas, donde nuestros cuerpos, identidades y v\u00ednculos afectivos se ven agredidos y desacreditados por los discursos de odio y empobrecidos por las pol\u00edticas econ\u00f3micas de ajuste que las ultraderechas insisten en imponer. En tal escenario, estas Jornadas queer\/cuir se proponen como una reuni\u00f3n de nuestros saberes y quehaceres sobre los cuerpos, sexualidades y afectos disidentes frente a la hegemon\u00eda pol\u00edtica actual. Nos encontraremos para pensar juntas las revueltas perversas que imaginamos, construimos y nos merecemos, para vivir y morir bien en esta tierra.<\/p>\n<p>Queremos reivindicar \u201clo perverso\u201d como gesto de resistencia frente a la estigmatizaci\u00f3n, la violencia y la discriminaci\u00f3n de las disidencias sexo-gen\u00e9ricas que se reponen desde los sectores neoconservadores. Entendemos que los saberes, afectaciones y estrategias est\u00e9ticas, \u00e9ticas y pol\u00edticas que reconocemos como queer\/cuir nos proporcionan una plataforma cr\u00edtica para interpretar e intervenir el presente y para compartir otros imaginarios ajenos a la crueldad anarcocapitalista.<\/p>\n<p>Les invitamos a participar en el abrazo colectivo de nuestros saberes, afectos y pr\u00e1cticas para habitar refugios hospitalarios ante el desierto subjetivo que nos a\u00edsla. Tramemos la revuelta perversa que transforme el mundo.<\/p>\n<blockquote><p><a href=\"https:\/\/drive.google.com\/file\/d\/13rgoD8koNNmNDmsDhyVMJ7SsSFfrwE_w\/view\" target=\"_blank\" rel=\"noopener\">DESCARGAR SEGUNDA CIRCULAR<\/a><\/p><\/blockquote>\n<p>&nbsp;<\/p>\n<p>Dudas, inquietudes e informes:\u00a0<a href=\"mailto:jornadas.queer.cuir@gmail.com\">jornadas.queer.cuir@gmail.com<\/a><\/p>\n<p><img loading=\"lazy\" decoding=\"async\" class=\"size-full wp-image-495 alignnone\" src=\"http:\/\/ffyh.unc.edu.ar\/genero\/wp-content\/uploads\/sites\/34\/2025\/02\/RP_1-1.jpg\" alt=\"\" width=\"1080\" height=\"1080\" srcset=\"https:\/\/ffyh.unc.edu.ar\/genero\/wp-content\/uploads\/sites\/34\/2025\/02\/RP_1-1.jpg 1080w, https:\/\/ffyh.unc.edu.ar\/genero\/wp-content\/uploads\/sites\/34\/2025\/02\/RP_1-1-300x300.jpg 300w, https:\/\/ffyh.unc.edu.ar\/genero\/wp-content\/uploads\/sites\/34\/2025\/02\/RP_1-1-1024x1024.jpg 1024w, https:\/\/ffyh.unc.edu.ar\/genero\/wp-content\/uploads\/sites\/34\/2025\/02\/RP_1-1-150x150.jpg 150w, https:\/\/ffyh.unc.edu.ar\/genero\/wp-content\/uploads\/sites\/34\/2025\/02\/RP_1-1-768x768.jpg 768w, https:\/\/ffyh.unc.edu.ar\/genero\/wp-content\/uploads\/sites\/34\/2025\/02\/RP_1-1-750x750.jpg 750w\" sizes=\"auto, (max-width: 1080px) 100vw, 1080px\" \/><\/p>\n","protected":false},"excerpt":{"rendered":"<p>Se desarrollar\u00e1n los d\u00edas 28, 29 y 30 de mayo de 2025 en la Facultad de Filosof\u00eda y Humanidades.<\/p><p><a class=\"more-link btn\" href=\"https:\/\/ffyh.unc.edu.ar\/genero\/2025\/03\/26\/revueltas-perversas-jornadas-queercuir\/\">Seguir leyendo<\/a><\/p>\n","protected":false},"author":2,"featured_media":495,"comment_status":"open","ping_status":"open","sticky":false,"template":"","format":"standard","meta":{"_acf_changed":false,"footnotes":""},"categories":[4,2],"tags":[],"class_list":["post-477","post","type-post","status-publish","format-standard","has-post-thumbnail","hentry","category-intervenciones","category-noticias","item-wrap"],"acf":[],"jetpack_featured_media_url":"https:\/\/ffyh.unc.edu.ar\/genero\/wp-content\/uploads\/sites\/34\/2025\/02\/RP_1-1.jpg","_links":{"self":[{"href":"https:\/\/ffyh.unc.edu.ar\/genero\/wp-json\/wp\/v2\/posts\/477","targetHints":{"allow":["GET"]}}],"collection":[{"href":"https:\/\/ffyh.unc.edu.ar\/genero\/wp-json\/wp\/v2\/posts"}],"about":[{"href":"https:\/\/ffyh.unc.edu.ar\/genero\/wp-json\/wp\/v2\/types\/post"}],"author":[{"embeddable":true,"href":"https:\/\/ffyh.unc.edu.ar\/genero\/wp-json\/wp\/v2\/users\/2"}],"replies":[{"embeddable":true,"href":"https:\/\/ffyh.unc.edu.ar\/genero\/wp-json\/wp\/v2\/comments?post=477"}],"version-history":[{"count":3,"href":"https:\/\/ffyh.unc.edu.ar\/genero\/wp-json\/wp\/v2\/posts\/477\/revisions"}],"predecessor-version":[{"id":497,"href":"https:\/\/ffyh.unc.edu.ar\/genero\/wp-json\/wp\/v2\/posts\/477\/revisions\/497"}],"wp:featuredmedia":[{"embeddable":true,"href":"https:\/\/ffyh.unc.edu.ar\/genero\/wp-json\/wp\/v2\/media\/495"}],"wp:attachment":[{"href":"https:\/\/ffyh.unc.edu.ar\/genero\/wp-json\/wp\/v2\/media?parent=477"}],"wp:term":[{"taxonomy":"category","embeddable":true,"href":"https:\/\/ffyh.unc.edu.ar\/genero\/wp-json\/wp\/v2\/categories?post=477"},{"taxonomy":"post_tag","embeddable":true,"href":"https:\/\/ffyh.unc.edu.ar\/genero\/wp-json\/wp\/v2\/tags?post=477"}],"curies":[{"name":"wp","href":"https:\/\/api.w.org\/{rel}","templated":true}]}}