{"id":517,"date":"2025-06-04T17:02:05","date_gmt":"2025-06-04T15:02:05","guid":{"rendered":"https:\/\/ffyh.unc.edu.ar\/genero\/?p=517"},"modified":"2025-06-04T17:06:14","modified_gmt":"2025-06-04T15:06:14","slug":"contra-todo-pronostico-por-un-transfeminismo-obstinado-y-colectivo","status":"publish","type":"post","link":"https:\/\/ffyh.unc.edu.ar\/genero\/2025\/06\/04\/contra-todo-pronostico-por-un-transfeminismo-obstinado-y-colectivo\/","title":{"rendered":"Contra todo pron\u00f3stico: por un transfeminismo obstinado y colectivo"},"content":{"rendered":"<p>En el marco del proyecto internacional \u201cActivismo de g\u00e9neros en el espacio acad\u00e9mico. Saberes en movimiento: Argentina, M\u00e9xico, Chile, EEUU\u201d, martes 10 de junio, a las 17.30hs, en el Pabell\u00f3n Residencial (Ciudad Universitaria) se llevar\u00e1 a cabo un conversatorio sobre nuestros trabajos y activismos en la universidad, ante contextos neoconservadores.<\/p>\n<p><!--more--><\/p>\n<p><strong>Conversan:<\/strong><\/p>\n<ul>\n<li>Ivanna Aguilera (FFyH, UNC)<\/li>\n<li>Ianina Moretti (FFyH, UNC)<\/li>\n<li>Paola Ehrmantraut (Universidad St. Thomas, Minnesota)<\/li>\n<li>Stephanie Kirk (Washington University, St Louis)<\/li>\n<li>M\u00f3nica Lloret Carrillo (Escuela de Humanidades y Educaci\u00f3n del Inst. Tecnol\u00f3gico de Monterrey)<\/li>\n<\/ul>\n<p><img loading=\"lazy\" decoding=\"async\" class=\"alignright size-full wp-image-518\" src=\"http:\/\/ffyh.unc.edu.ar\/genero\/wp-content\/uploads\/sites\/34\/2025\/06\/contra-todo-pronostico.jpeg\" alt=\"\" width=\"1080\" height=\"1360\" srcset=\"https:\/\/ffyh.unc.edu.ar\/genero\/wp-content\/uploads\/sites\/34\/2025\/06\/contra-todo-pronostico.jpeg 1080w, https:\/\/ffyh.unc.edu.ar\/genero\/wp-content\/uploads\/sites\/34\/2025\/06\/contra-todo-pronostico-238x300.jpeg 238w, https:\/\/ffyh.unc.edu.ar\/genero\/wp-content\/uploads\/sites\/34\/2025\/06\/contra-todo-pronostico-813x1024.jpeg 813w, https:\/\/ffyh.unc.edu.ar\/genero\/wp-content\/uploads\/sites\/34\/2025\/06\/contra-todo-pronostico-768x967.jpeg 768w, https:\/\/ffyh.unc.edu.ar\/genero\/wp-content\/uploads\/sites\/34\/2025\/06\/contra-todo-pronostico-750x944.jpeg 750w\" sizes=\"auto, (max-width: 1080px) 100vw, 1080px\" \/><\/p>\n","protected":false},"excerpt":{"rendered":"<p>En el marco del proyecto internacional \u201cActivismo de g\u00e9neros en el espacio acad\u00e9mico. Saberes en movimiento: Argentina, M\u00e9xico, Chile, EEUU\u201d, martes 10 de junio, a las 17.30hs, en el Pabell\u00f3n Residencial (Ciudad Universitaria) se llevar\u00e1 a cabo un conversatorio sobre nuestros trabajos y activismos en la universidad, ante contextos neoconservadores.<\/p><p><a class=\"more-link btn\" href=\"https:\/\/ffyh.unc.edu.ar\/genero\/2025\/06\/04\/contra-todo-pronostico-por-un-transfeminismo-obstinado-y-colectivo\/\">Seguir leyendo<\/a><\/p>\n","protected":false},"author":2,"featured_media":518,"comment_status":"open","ping_status":"open","sticky":false,"template":"","format":"standard","meta":{"_acf_changed":false,"footnotes":""},"categories":[2],"tags":[],"class_list":["post-517","post","type-post","status-publish","format-standard","has-post-thumbnail","hentry","category-noticias","item-wrap"],"acf":[],"jetpack_featured_media_url":"https:\/\/ffyh.unc.edu.ar\/genero\/wp-content\/uploads\/sites\/34\/2025\/06\/contra-todo-pronostico.jpeg","_links":{"self":[{"href":"https:\/\/ffyh.unc.edu.ar\/genero\/wp-json\/wp\/v2\/posts\/517","targetHints":{"allow":["GET"]}}],"collection":[{"href":"https:\/\/ffyh.unc.edu.ar\/genero\/wp-json\/wp\/v2\/posts"}],"about":[{"href":"https:\/\/ffyh.unc.edu.ar\/genero\/wp-json\/wp\/v2\/types\/post"}],"author":[{"embeddable":true,"href":"https:\/\/ffyh.unc.edu.ar\/genero\/wp-json\/wp\/v2\/users\/2"}],"replies":[{"embeddable":true,"href":"https:\/\/ffyh.unc.edu.ar\/genero\/wp-json\/wp\/v2\/comments?post=517"}],"version-history":[{"count":1,"href":"https:\/\/ffyh.unc.edu.ar\/genero\/wp-json\/wp\/v2\/posts\/517\/revisions"}],"predecessor-version":[{"id":519,"href":"https:\/\/ffyh.unc.edu.ar\/genero\/wp-json\/wp\/v2\/posts\/517\/revisions\/519"}],"wp:featuredmedia":[{"embeddable":true,"href":"https:\/\/ffyh.unc.edu.ar\/genero\/wp-json\/wp\/v2\/media\/518"}],"wp:attachment":[{"href":"https:\/\/ffyh.unc.edu.ar\/genero\/wp-json\/wp\/v2\/media?parent=517"}],"wp:term":[{"taxonomy":"category","embeddable":true,"href":"https:\/\/ffyh.unc.edu.ar\/genero\/wp-json\/wp\/v2\/categories?post=517"},{"taxonomy":"post_tag","embeddable":true,"href":"https:\/\/ffyh.unc.edu.ar\/genero\/wp-json\/wp\/v2\/tags?post=517"}],"curies":[{"name":"wp","href":"https:\/\/api.w.org\/{rel}","templated":true}]}}