{"id":520,"date":"2025-06-04T17:16:51","date_gmt":"2025-06-04T15:16:51","guid":{"rendered":"https:\/\/ffyh.unc.edu.ar\/genero\/?p=520"},"modified":"2025-06-04T17:16:51","modified_gmt":"2025-06-04T15:16:51","slug":"transindigeneidades-de-la-sierra-de-cuniputo-fotografias-y-relatos-de-experiencias-transindigenas","status":"publish","type":"post","link":"https:\/\/ffyh.unc.edu.ar\/genero\/2025\/06\/04\/transindigeneidades-de-la-sierra-de-cuniputo-fotografias-y-relatos-de-experiencias-transindigenas\/","title":{"rendered":"Transindigeneidades de la Sierra de Cuniputo | Fotograf\u00edas y relatos de experiencias transind\u00edgenas"},"content":{"rendered":"<p>Ser\u00e1 el mi\u00e9rcoles 11 de junio, a las 17 h, en el Museo de Antropolog\u00edas (Hip\u00f3lito Yrigoyen 174).<\/p>\n<p><!--more--><\/p>\n<p><strong>Conversan:<\/strong><\/p>\n<p>Juana Manuela L\u00f3pez, Casqui Curaca de la Comunidad Ind\u00edgena Hijos del Sol Comeching\u00f3n PJ N\u00b0088<\/p>\n<p>Jos\u00e9 Mar\u00eda Bompadre, antrop\u00f3logo de la UNC<\/p>\n<p><strong>Nos visitan:<\/strong><\/p>\n<p>Paola Ehrmantraut \u2013 University of St. Thomas, Minnesota<\/p>\n<p>Stephanie Kirk \u2013 Washington University, St. Louis<\/p>\n<p>M\u00f3nica Lloret Carrillo \u2013 Instituto Tecnol\u00f3gico y de Estudios Superiores de Monterrey<\/p>\n<p><strong>Organizan:<\/strong><\/p>\n<p>\u00c1rea de Formaci\u00f3n en G\u00e9nero, Sexualidades y ESI | Programa de Derechos Humanos<\/p>\n<p>Museo de Antropolog\u00edas | \u00c1rea Trans Travesti y No Binaria \u2013 FFyH \u00b7 UNC<a href=\"https:\/\/ffyh.unc.edu.ar\/wp-content\/uploads\/2025\/06\/WhatsApp-Image-2025-06-03-at-12.41.14.jpeg\"><img loading=\"lazy\" decoding=\"async\" class=\"size-full wp-image-29602 alignnone\" src=\"https:\/\/ffyh.unc.edu.ar\/wp-content\/uploads\/2025\/06\/WhatsApp-Image-2025-06-03-at-12.41.14.jpeg\" alt=\"\" width=\"1080\" height=\"1350\" \/><\/a><\/p>\n<p><a href=\"https:\/\/ffyh.unc.edu.ar\/wp-content\/uploads\/2025\/06\/WhatsApp-Image-2025-06-03-at-12.41.14-1.jpeg\"><img loading=\"lazy\" decoding=\"async\" class=\"size-full wp-image-29604 alignnone\" src=\"https:\/\/ffyh.unc.edu.ar\/wp-content\/uploads\/2025\/06\/WhatsApp-Image-2025-06-03-at-12.41.14-1.jpeg\" alt=\"\" width=\"1080\" height=\"1350\" \/><\/a><a href=\"https:\/\/ffyh.unc.edu.ar\/wp-content\/uploads\/2025\/06\/WhatsApp-Image-2025-06-03-at-12.41.15.jpeg\"><img loading=\"lazy\" decoding=\"async\" class=\"size-full wp-image-29603 alignnone\" src=\"https:\/\/ffyh.unc.edu.ar\/wp-content\/uploads\/2025\/06\/WhatsApp-Image-2025-06-03-at-12.41.15.jpeg\" alt=\"\" width=\"1080\" height=\"1350\" \/><\/a><\/p>\n<div class=\"addtoany_share_save_container addtoany_content addtoany_content_bottom\">\n<div class=\"a2a_kit a2a_kit_size_32 addtoany_list\" data-a2a-url=\"https:\/\/ffyh.unc.edu.ar\/event\/transindigeneidades-de-la-sierra-de-cuniputo-fotografias-y-relatos-de-experiencias-transindigenas\/\" data-a2a-title=\"Transindigeneidades de la Sierra de Cuniputo | Fotograf\u00edas y relatos de experiencias transind\u00edgenas\"><a class=\"a2a_button_facebook\" title=\"Facebook\" href=\"https:\/\/ffyh.unc.edu.ar\/#facebook\" target=\"_blank\" rel=\"nofollow noopener\"><span class=\"a2a_label\">Facebook<\/span><\/a><a class=\"a2a_button_twitter\" title=\"Twitter\" href=\"https:\/\/ffyh.unc.edu.ar\/#twitter\" target=\"_blank\" rel=\"nofollow noopener\"><span class=\"a2a_label\">Twitter<\/span><\/a><a class=\"a2a_button_whatsapp\" title=\"WhatsApp\" href=\"https:\/\/ffyh.unc.edu.ar\/#whatsapp\" target=\"_blank\" rel=\"nofollow noopener\"><span class=\"a2a_label\">WhatsApp<\/span><\/a><\/div>\n<\/div>\n","protected":false},"excerpt":{"rendered":"<p>Ser\u00e1 el mi\u00e9rcoles 11 de junio, a las 17 h, en el Museo de Antropolog\u00edas (Hip\u00f3lito Yrigoyen 174).<\/p><p><a class=\"more-link btn\" href=\"https:\/\/ffyh.unc.edu.ar\/genero\/2025\/06\/04\/transindigeneidades-de-la-sierra-de-cuniputo-fotografias-y-relatos-de-experiencias-transindigenas\/\">Seguir leyendo<\/a><\/p>\n","protected":false},"author":2,"featured_media":521,"comment_status":"open","ping_status":"open","sticky":false,"template":"","format":"standard","meta":{"_acf_changed":false,"footnotes":""},"categories":[2],"tags":[],"class_list":["post-520","post","type-post","status-publish","format-standard","has-post-thumbnail","hentry","category-noticias","item-wrap"],"acf":[],"jetpack_featured_media_url":"https:\/\/ffyh.unc.edu.ar\/genero\/wp-content\/uploads\/sites\/34\/2025\/06\/WhatsApp-Image-2025-06-03-at-12.41.14.jpeg","_links":{"self":[{"href":"https:\/\/ffyh.unc.edu.ar\/genero\/wp-json\/wp\/v2\/posts\/520","targetHints":{"allow":["GET"]}}],"collection":[{"href":"https:\/\/ffyh.unc.edu.ar\/genero\/wp-json\/wp\/v2\/posts"}],"about":[{"href":"https:\/\/ffyh.unc.edu.ar\/genero\/wp-json\/wp\/v2\/types\/post"}],"author":[{"embeddable":true,"href":"https:\/\/ffyh.unc.edu.ar\/genero\/wp-json\/wp\/v2\/users\/2"}],"replies":[{"embeddable":true,"href":"https:\/\/ffyh.unc.edu.ar\/genero\/wp-json\/wp\/v2\/comments?post=520"}],"version-history":[{"count":1,"href":"https:\/\/ffyh.unc.edu.ar\/genero\/wp-json\/wp\/v2\/posts\/520\/revisions"}],"predecessor-version":[{"id":522,"href":"https:\/\/ffyh.unc.edu.ar\/genero\/wp-json\/wp\/v2\/posts\/520\/revisions\/522"}],"wp:featuredmedia":[{"embeddable":true,"href":"https:\/\/ffyh.unc.edu.ar\/genero\/wp-json\/wp\/v2\/media\/521"}],"wp:attachment":[{"href":"https:\/\/ffyh.unc.edu.ar\/genero\/wp-json\/wp\/v2\/media?parent=520"}],"wp:term":[{"taxonomy":"category","embeddable":true,"href":"https:\/\/ffyh.unc.edu.ar\/genero\/wp-json\/wp\/v2\/categories?post=520"},{"taxonomy":"post_tag","embeddable":true,"href":"https:\/\/ffyh.unc.edu.ar\/genero\/wp-json\/wp\/v2\/tags?post=520"}],"curies":[{"name":"wp","href":"https:\/\/api.w.org\/{rel}","templated":true}]}}