{"id":10428,"date":"2024-04-11T13:32:11","date_gmt":"2024-04-11T13:32:11","guid":{"rendered":"https:\/\/ffyh.unc.edu.ar\/posgrado\/?p=10428"},"modified":"2024-04-11T13:32:25","modified_gmt":"2024-04-11T13:32:25","slug":"seminario-de-posgrado-discusiones-filosoficas-y-pedagogicas-del-campo-educativo","status":"publish","type":"post","link":"https:\/\/ffyh.unc.edu.ar\/posgrado\/2024\/04\/11\/seminario-de-posgrado-discusiones-filosoficas-y-pedagogicas-del-campo-educativo\/","title":{"rendered":"Seminario de posgrado. \u201cDiscusiones filos\u00f3ficas y pedag\u00f3gicas del campo educativo\u201d"},"content":{"rendered":"<p><strong>Dra. \u00c1gueda Marcela Sosa. Inicia: 3 de mayo de 2024.<\/strong><br \/>\n<!--more--><\/p>\n<p>Profesora responsable: Dra. \u00c1gueda Marcela Sosa y Equipo docente: Mgtr. Mui\u00f1o, Ma.Laura, Esp. Partepilo Vanesa, Esp. Testa Ana<\/p>\n<hr \/>\n<p><strong><u>Presentaci\u00f3n:<\/u><\/strong><\/p>\n<p>El seminario se propone, particularmente, ejercitar un tipo de reflexi\u00f3n que se preocupa por identificar discusiones educativas de larga data que se expresan singularmente en la actualidad y que requieren de un abordaje sensible al entramado conceptual del que son herederas. Con dicha finalidad, la propuesta se hace eco del di\u00e1logo hist\u00f3rico que la Filosof\u00eda y la Pedagog\u00eda han tenido.<\/p>\n<p>Durante el desarrollo se propone reconocer producciones de ambos campos que han modelado las formas de ver y hacer educaci\u00f3n en los siglos XIX y XX a trav\u00e9s de algunos ejes de discusi\u00f3n poniendo \u00e9nfasis en algunos momentos de la configuraci\u00f3n del campo pedag\u00f3gico.<\/p>\n<p>Para abordar la tarea ser\u00e1 necesario realizar una relectura de textos de autorxs considerados cl\u00e1sicxs, dada la pervivencia y actualidad de las cuestiones por ellxs planteadas.<\/p>\n<p>Programa: <a href=\"https:\/\/drive.google.com\/file\/d\/1rCyWgr9OZ_NxBNhQeAcZyAhUP647rV56\/view?usp=sharing\">consultar<\/a><\/p>\n<hr \/>\n<p><strong>Fechas y horarios<\/strong>:<\/p>\n<p>&#8211; 3 de mayo: 9 a 20 hs clase presencial &#8211; Aula \u201cD\u201d Pabell\u00f3n Residencial<br \/>\n&#8211; 4 de mayo: 9 a 15 hs clase presencial &#8211; Aula 4 Pabell\u00f3n Venezuela<br \/>\n&#8211; 18 de mayo: 9 a 13 clase sincr\u00f3nica<\/p>\n<p>Acredita: 30 horas.<br \/>\nSe aceptan estudiantes externos<\/p>\n<hr \/>\n<p><strong><u>Inscripci\u00f3n<\/u><\/strong><\/p>\n<p><strong>SIU Guaran\u00ed:\u00a0<\/strong><a href=\"http:\/\/autogestion.guarani.unc.edu.ar\/\"><strong>autogestion.guarani.unc.edu.ar<\/strong><\/a><\/p>\n<p><u>Inscripci\u00f3n para alumnxs de la carrera<\/u>:<\/p>\n<p>Instructivo:\u00a0<a href=\"https:\/\/drive.google.com\/file\/d\/1bOj9wbcAUCgtYRWWCjxRFdmsoThhrNo9\/view?usp=sharing\">ver<\/a><\/p>\n<p><u>Inscripci\u00f3n para alumnxs externxs:<\/u><\/p>\n<p>Instructivo para alumnxs con usuario SIU-Guaran\u00ed:\u00a0<a href=\"http:\/\/ffyh.unc.edu.ar\/posgrado\/wp-content\/uploads\/sites\/3\/2023\/03\/Alumnxs-con-usuario-Cursos-de-posgrado-Inscripcion-a-cursada-SIU-Guarani.pdf\">ver<\/a><\/p>\n<p>Instructivo para alumnxs SIN usuario SIU-Guaran\u00ed:\u00a0<a href=\"http:\/\/ffyh.unc.edu.ar\/posgrado\/wp-content\/uploads\/sites\/3\/2023\/03\/Alumnxs-SIN-usuario-Cursos-de-posgrado-Inscripcion-a-cursada-SIU-Guarani.pdf\">ver<\/a><\/p>\n<p>&nbsp;<\/p>\n<p>Fecha cierre inscripci\u00f3n: 30 de abril<\/p>\n<p><strong><u>Arancel para alumnxs externxs<\/u><\/strong>: $36000<\/p>\n<hr \/>\n<p>Contacto: <span class=\"gI\"><span class=\"qu\" role=\"gridcell\"><span class=\"go\">mape@ffyh.unc.edu.ar<\/span><\/span><\/span><\/p>\n","protected":false},"excerpt":{"rendered":"<p>Dra. \u00c1gueda Marcela Sosa. Inicia: 3 de mayo de 2024.<\/p>\n","protected":false},"author":5,"featured_media":6235,"comment_status":"closed","ping_status":"closed","sticky":false,"template":"","format":"standard","meta":{"_acf_changed":false,"colormag_page_container_layout":"default_layout","colormag_page_sidebar_layout":"default_layout","_jetpack_memberships_contains_paid_content":false,"footnotes":""},"categories":[1],"tags":[160,47,60],"class_list":["post-10428","post","type-post","status-publish","format-standard","has-post-thumbnail","hentry","category-novedades","tag-cursos-2024","tag-maestria-en-pedagogia","tag-seminario-de-posgrado"],"acf":[],"jetpack_featured_media_url":"https:\/\/ffyh.unc.edu.ar\/posgrado\/wp-content\/uploads\/sites\/3\/2018\/04\/Ma-Pedagog\u00eda.jpg","jetpack_sharing_enabled":true,"_links":{"self":[{"href":"https:\/\/ffyh.unc.edu.ar\/posgrado\/wp-json\/wp\/v2\/posts\/10428","targetHints":{"allow":["GET"]}}],"collection":[{"href":"https:\/\/ffyh.unc.edu.ar\/posgrado\/wp-json\/wp\/v2\/posts"}],"about":[{"href":"https:\/\/ffyh.unc.edu.ar\/posgrado\/wp-json\/wp\/v2\/types\/post"}],"author":[{"embeddable":true,"href":"https:\/\/ffyh.unc.edu.ar\/posgrado\/wp-json\/wp\/v2\/users\/5"}],"replies":[{"embeddable":true,"href":"https:\/\/ffyh.unc.edu.ar\/posgrado\/wp-json\/wp\/v2\/comments?post=10428"}],"version-history":[{"count":1,"href":"https:\/\/ffyh.unc.edu.ar\/posgrado\/wp-json\/wp\/v2\/posts\/10428\/revisions"}],"predecessor-version":[{"id":10429,"href":"https:\/\/ffyh.unc.edu.ar\/posgrado\/wp-json\/wp\/v2\/posts\/10428\/revisions\/10429"}],"wp:featuredmedia":[{"embeddable":true,"href":"https:\/\/ffyh.unc.edu.ar\/posgrado\/wp-json\/wp\/v2\/media\/6235"}],"wp:attachment":[{"href":"https:\/\/ffyh.unc.edu.ar\/posgrado\/wp-json\/wp\/v2\/media?parent=10428"}],"wp:term":[{"taxonomy":"category","embeddable":true,"href":"https:\/\/ffyh.unc.edu.ar\/posgrado\/wp-json\/wp\/v2\/categories?post=10428"},{"taxonomy":"post_tag","embeddable":true,"href":"https:\/\/ffyh.unc.edu.ar\/posgrado\/wp-json\/wp\/v2\/tags?post=10428"}],"curies":[{"name":"wp","href":"https:\/\/api.w.org\/{rel}","templated":true}]}}