{"id":10525,"date":"2024-05-03T13:39:22","date_gmt":"2024-05-03T13:39:22","guid":{"rendered":"https:\/\/ffyh.unc.edu.ar\/posgrado\/?p=10525"},"modified":"2024-07-01T15:31:09","modified_gmt":"2024-07-01T15:31:09","slug":"curso-de-doctorado-modernidad-progreso-y-decadencia-la-crisis-del-lenguaje-los-limites-del-conocimiento-y-las-pretensiones-metafisicas-de-la-filosofia-en-los-inicios-del-sxx-2","status":"publish","type":"post","link":"https:\/\/ffyh.unc.edu.ar\/posgrado\/2024\/05\/03\/curso-de-doctorado-modernidad-progreso-y-decadencia-la-crisis-del-lenguaje-los-limites-del-conocimiento-y-las-pretensiones-metafisicas-de-la-filosofia-en-los-inicios-del-sxx-2\/","title":{"rendered":"Curso de Doctorado. \u201cIntroducci\u00f3n al modelado espacial y temporal de la evidencia arqueol\u00f3gica usando R\u201d"},"content":{"rendered":"<p><strong>Dr. Sergio Iv\u00e1n P\u00e9rez. Inicia: 24 de junio de 2024.<br \/>\n<\/strong><\/p>\n<p><!--more--><\/p>\n<p><em>S. Ivan Perez es Licenciado en Antropolog\u00eda y Dr. en Ciencias Naturales por la FCNyM, UNLP. Ha dictado numerosos cursos de posgrado en T\u00e9cnicas Cuantitativas y Estad\u00edstica para arqueolog\u00eda. Actualmente se desempe\u00f1a como Investigador del CONICET y Profesor de la Universidad Nacional de La Plata.<\/em><\/p>\n<hr \/>\n<p><strong><u>Presentaci\u00f3n:<\/u><\/strong><\/p>\n<p>Este curso est\u00e1 dirigido a graduados de las carreras de antropolog\u00eda y arqueolog\u00eda. Durante el desarrollo del mismo se brindar\u00e1n un conjunto de conocimientos conceptuales y recursos pr\u00e1cticos para que los alumnos puedan comprender y aplicar diversas herramientas anal\u00edticas b\u00e1sicas a datos arqueol\u00f3gicos, principalmente frecuencia de fechados radiocarb\u00f3nicos y ocurrencia de sitios.<\/p>\n<p><strong>Programa<\/strong>: <a href=\"https:\/\/drive.google.com\/file\/d\/1hIEV3WGW2GILcGZABbC2FhGTK1l9qVAA\/view?usp=sharing\">consultar<\/a><\/p>\n<hr \/>\n<p><strong><u>D\u00edas y horarios<\/u><\/strong>:<\/p>\n<p>Clases presenciales:<\/p>\n<p>18 de julio: 8 a 12 y 14 a 19 hs.<br \/>\n19 de julio: 8 a 12 y 14 a 19 hs.<br \/>\n20 de julio: 8 a 12 y 14 a 20 hs.<\/p>\n<p>FAMAF, UNC. Av. Medina Allende, C\u00f3rdoba,\u00a0\u00a0Primer piso aula 16.<\/p>\n<p>Encuentros sincr\u00f3nicos on line:<\/p>\n<p>24 de junio: 9 a 12 hs.<br \/>\n1 de julio: 9 a 12 hs.<\/p>\n<p><strong>Acredita<\/strong>: 40 horas.<\/p>\n<hr \/>\n<p><b>Arancel<\/b>: $37500<\/p>\n<p><em>Valor sujeto a descuentos seg\u00fan Resoluci\u00f3n HCD-FFYH N\u00ba 2\/2018 (<\/em><a href=\"https:\/\/ffyh.unc.edu.ar\/posgrado\/pago-de-aranceles-y-cuotas\/\" data-saferedirecturl=\"https:\/\/www.google.com\/url?q=https:\/\/ffyh.unc.edu.ar\/posgrado\/pago-de-aranceles-y-cuotas\/&amp;source=gmail&amp;ust=1708113437441000&amp;usg=AOvVaw1pvmZcislvXcJua0m2tJMs\">ver<\/a><em>)<\/em><\/p>\n<p>Luego de registrar sus datos recibir\u00e1 informaci\u00f3n para realizar el pago.<\/p>\n<hr \/>\n<p><strong><u>Inscripci\u00f3n<\/u><\/strong><\/p>\n<p><strong>SIU Guaran\u00ed:\u00a0<\/strong><a href=\"https:\/\/autogestion.guarani.unc.edu.ar\/\"><strong>autogestion.guarani.unc.edu.ar<\/strong><\/a><\/p>\n<p>Instructivo para alumnxs con usuario SIU-Guaran\u00ed:\u00a0<a href=\"http:\/\/ffyh.unc.edu.ar\/posgrado\/wp-content\/uploads\/sites\/3\/2023\/03\/Alumnxs-con-usuario-Cursos-de-posgrado-Inscripcion-a-cursada-SIU-Guarani.pdf\">ver<\/a><\/p>\n<p>Instructivo para alumnxs SIN usuario SIU-Guaran\u00ed:\u00a0<a href=\"http:\/\/ffyh.unc.edu.ar\/posgrado\/wp-content\/uploads\/sites\/3\/2023\/03\/Alumnxs-SIN-usuario-Cursos-de-posgrado-Inscripcion-a-cursada-SIU-Guarani.pdf\">ver<\/a><\/p>\n<p><em>Consultas SIU Guaran\u00ed:\u00a0<\/em><a href=\"mailto:despacho-posgrado@ffyh.unc.edu.ar\"><em>despacho-posgrado@ffyh.unc.edu.ar<\/em><\/a><\/p>\n<p>Fecha cierre inscripci\u00f3n: 20 de junio<\/p>\n<hr \/>\n<p><strong>Consultas:<\/strong>\u00a0<a href=\"mailto:cursos@ffyh.unc.edu.ar\"><strong>cursos@ffyh.unc.edu.ar<\/strong><\/a><\/p>\n","protected":false},"excerpt":{"rendered":"<p>Dr. Sergio Iv\u00e1n P\u00e9rez. Inicia: 24 de junio de 2024.<\/p>\n","protected":false},"author":5,"featured_media":6192,"comment_status":"closed","ping_status":"open","sticky":false,"template":"","format":"standard","meta":{"_acf_changed":false,"colormag_page_container_layout":"default_layout","colormag_page_sidebar_layout":"default_layout","_jetpack_memberships_contains_paid_content":false,"footnotes":""},"categories":[1],"tags":[14,160,147],"class_list":["post-10525","post","type-post","status-publish","format-standard","has-post-thumbnail","hentry","category-novedades","tag-curso-de-doctorado","tag-cursos-2024","tag-doctorado-en-ciencias-antropologicas"],"acf":[],"jetpack_featured_media_url":"https:\/\/ffyh.unc.edu.ar\/posgrado\/wp-content\/uploads\/sites\/3\/2018\/03\/Curso-de-Doctorado.jpg","jetpack_sharing_enabled":true,"_links":{"self":[{"href":"https:\/\/ffyh.unc.edu.ar\/posgrado\/wp-json\/wp\/v2\/posts\/10525","targetHints":{"allow":["GET"]}}],"collection":[{"href":"https:\/\/ffyh.unc.edu.ar\/posgrado\/wp-json\/wp\/v2\/posts"}],"about":[{"href":"https:\/\/ffyh.unc.edu.ar\/posgrado\/wp-json\/wp\/v2\/types\/post"}],"author":[{"embeddable":true,"href":"https:\/\/ffyh.unc.edu.ar\/posgrado\/wp-json\/wp\/v2\/users\/5"}],"replies":[{"embeddable":true,"href":"https:\/\/ffyh.unc.edu.ar\/posgrado\/wp-json\/wp\/v2\/comments?post=10525"}],"version-history":[{"count":12,"href":"https:\/\/ffyh.unc.edu.ar\/posgrado\/wp-json\/wp\/v2\/posts\/10525\/revisions"}],"predecessor-version":[{"id":10686,"href":"https:\/\/ffyh.unc.edu.ar\/posgrado\/wp-json\/wp\/v2\/posts\/10525\/revisions\/10686"}],"wp:featuredmedia":[{"embeddable":true,"href":"https:\/\/ffyh.unc.edu.ar\/posgrado\/wp-json\/wp\/v2\/media\/6192"}],"wp:attachment":[{"href":"https:\/\/ffyh.unc.edu.ar\/posgrado\/wp-json\/wp\/v2\/media?parent=10525"}],"wp:term":[{"taxonomy":"category","embeddable":true,"href":"https:\/\/ffyh.unc.edu.ar\/posgrado\/wp-json\/wp\/v2\/categories?post=10525"},{"taxonomy":"post_tag","embeddable":true,"href":"https:\/\/ffyh.unc.edu.ar\/posgrado\/wp-json\/wp\/v2\/tags?post=10525"}],"curies":[{"name":"wp","href":"https:\/\/api.w.org\/{rel}","templated":true}]}}