{"id":10687,"date":"2024-07-02T12:02:46","date_gmt":"2024-07-02T12:02:46","guid":{"rendered":"https:\/\/ffyh.unc.edu.ar\/posgrado\/?p=10687"},"modified":"2024-08-02T17:21:47","modified_gmt":"2024-08-02T17:21:47","slug":"defensas-de-tesis-y-trabajos-finales-junio-2024-2","status":"publish","type":"post","link":"https:\/\/ffyh.unc.edu.ar\/posgrado\/2024\/07\/02\/defensas-de-tesis-y-trabajos-finales-junio-2024-2\/","title":{"rendered":"Defensas de Tesis y Trabajos Finales | Julio 2024"},"content":{"rendered":"<p><!--more-->La Secretar\u00eda de Posgrado informa que el Mgtr.<strong> Paulo Ignacio Correa Villaca<\/strong> defender\u00e1 su Tesis Doctoral en Historia, titulada: \u201c<strong>Tierra y poder en Latinoam\u00e9rica: Estado, empresarios y pol\u00edticas en Brasil durante la Primera Rep\u00fablica<\/strong>\u201d, dirigida por el Dr. Gabriel Fernando Carini. Actuar\u00e1n como Jurado el Dr. Adri\u00e1n Almir\u00f3n, el Dr. Gustavo Zarrilli y el Dr. Javier Moyano. La defensa se realizar\u00e1 el d\u00eda jueves 4 de julio de 2024 a las 10 hs.<\/p>\n<hr \/>\n<div>\n<p dir=\"ltr\">La Secretar\u00eda de Posgrado informa que la Lic. <strong>Camila Sapp<\/strong> defender\u00e1 su Tesis Doctoral en Historia, titulada: <span id=\"m_1519154943940131904gmail-docs-internal-guid-00a5b711-7fff-b07f-d692-5b2d45583bd4\">\u201c<strong>Los sindicatos de la administraci\u00f3n p\u00fablica de C\u00f3rdoba frente al problema de la democratizaci\u00f3n (1982-1991)<\/strong>\u201d<\/span>, dirigida por la <span id=\"m_1519154943940131904gmail-docs-internal-guid-0dc65126-7fff-eda8-a145-01ec8ca9e7cd\">Dra. M\u00f3nica Gordillo<\/span> y la <span id=\"m_1519154943940131904gmail-docs-internal-guid-57fc90f9-7fff-23d2-2d5a-4ec5b3207a9a\">Dra. Ana Elisa Arriaga<\/span>. Actuar\u00e1n como Jurado la Dra. Andrea And\u00fajar, el Dr. Santiago Duhalde y la Dra. Mar\u00eda Laura Ortiz. La defensa se realizar\u00e1 el d\u00eda martes 23 de julio de 2024 a las 10 hs.<\/p>\n<hr \/>\n<\/div>\n<p>La Secretar\u00eda de Posgrado informa que el Mgtr. <strong>Ernesto Roland<\/strong> defender\u00e1 su Tesis Doctoral en Historia, titulada: \u201c<strong>Las transformaciones del peronismo cordob\u00e9s durante la reconstrucci\u00f3n democr\u00e1tica<\/strong>\u201d, dirigida por la Dra. M\u00f3nica Gordillo y la Dra. Marcela Patricia Ferrari. Actuar\u00e1n como Jurado la Dra. Mar\u00eda Virginia Mellado, la Dra. Mercedes Prol y la Dra. Alicia Servetto. La defensa se realizar\u00e1 el d\u00eda jueves 25 de julio de 2024 a las 10 hs.<\/p>\n<hr \/>\n<p>La Secretar\u00eda de Posgrado informa que el Lic. <strong>Marcelo Silva Cantoni<\/strong> defender\u00e1 su Tesis Doctoral en Letras, titulada: \u201c<strong>Performance y colonialismo: Articulaciones del cuerpo, la lengua y la cultura nacional en el archivo de Guillermo G\u00f3mez-Pe\u00f1a y La Pocha Nostra<\/strong>\u201d, dirigida por la Dra. Mirta Alejandra Antonelli y el Prof. Roberto Guti\u00e9rrez Varea. Actuar\u00e1n como Jurado la Dra. Ileana Di\u00e9guez, la Dra. Luciana Sastre y la Dra. Paola Gramaglia. La defensa se realizar\u00e1 el d\u00eda mi\u00e9rcoles 31 de julio de 2024 a las 10 hs.<\/p>\n<p>&nbsp;<\/p>\n","protected":false},"excerpt":{"rendered":"","protected":false},"author":5,"featured_media":9710,"comment_status":"closed","ping_status":"closed","sticky":false,"template":"","format":"standard","meta":{"_acf_changed":false,"colormag_page_container_layout":"default_layout","colormag_page_sidebar_layout":"default_layout","_jetpack_memberships_contains_paid_content":false,"footnotes":""},"categories":[1],"tags":[19,156,155],"class_list":["post-10687","post","type-post","status-publish","format-standard","has-post-thumbnail","hentry","category-novedades","tag-defensa-de-tesis","tag-defensas-de-tesis-y-trabajos-finales","tag-defensas-de-trabajos-finales"],"acf":[],"jetpack_featured_media_url":"https:\/\/ffyh.unc.edu.ar\/posgrado\/wp-content\/uploads\/sites\/3\/2023\/09\/WhatsApp-Image-2023-09-21-at-10.30.54-AM-e1695306867778.jpeg","jetpack_sharing_enabled":true,"_links":{"self":[{"href":"https:\/\/ffyh.unc.edu.ar\/posgrado\/wp-json\/wp\/v2\/posts\/10687","targetHints":{"allow":["GET"]}}],"collection":[{"href":"https:\/\/ffyh.unc.edu.ar\/posgrado\/wp-json\/wp\/v2\/posts"}],"about":[{"href":"https:\/\/ffyh.unc.edu.ar\/posgrado\/wp-json\/wp\/v2\/types\/post"}],"author":[{"embeddable":true,"href":"https:\/\/ffyh.unc.edu.ar\/posgrado\/wp-json\/wp\/v2\/users\/5"}],"replies":[{"embeddable":true,"href":"https:\/\/ffyh.unc.edu.ar\/posgrado\/wp-json\/wp\/v2\/comments?post=10687"}],"version-history":[{"count":6,"href":"https:\/\/ffyh.unc.edu.ar\/posgrado\/wp-json\/wp\/v2\/posts\/10687\/revisions"}],"predecessor-version":[{"id":10739,"href":"https:\/\/ffyh.unc.edu.ar\/posgrado\/wp-json\/wp\/v2\/posts\/10687\/revisions\/10739"}],"wp:featuredmedia":[{"embeddable":true,"href":"https:\/\/ffyh.unc.edu.ar\/posgrado\/wp-json\/wp\/v2\/media\/9710"}],"wp:attachment":[{"href":"https:\/\/ffyh.unc.edu.ar\/posgrado\/wp-json\/wp\/v2\/media?parent=10687"}],"wp:term":[{"taxonomy":"category","embeddable":true,"href":"https:\/\/ffyh.unc.edu.ar\/posgrado\/wp-json\/wp\/v2\/categories?post=10687"},{"taxonomy":"post_tag","embeddable":true,"href":"https:\/\/ffyh.unc.edu.ar\/posgrado\/wp-json\/wp\/v2\/tags?post=10687"}],"curies":[{"name":"wp","href":"https:\/\/api.w.org\/{rel}","templated":true}]}}