{"id":11573,"date":"2025-04-04T14:07:52","date_gmt":"2025-04-04T14:07:52","guid":{"rendered":"https:\/\/ffyh.unc.edu.ar\/posgrado\/?p=11573"},"modified":"2025-04-15T21:02:29","modified_gmt":"2025-04-15T21:02:29","slug":"curso-de-doctorado-aportes-metodologicos-de-los-estudios-de-sintesis-en-educacion","status":"publish","type":"post","link":"https:\/\/ffyh.unc.edu.ar\/posgrado\/2025\/04\/04\/curso-de-doctorado-aportes-metodologicos-de-los-estudios-de-sintesis-en-educacion\/","title":{"rendered":"Curso de doctorado \u201cAportes metodol\u00f3gicos de los estudios de s\u00edntesis en Educaci\u00f3n\u201d"},"content":{"rendered":"<p>Dra. M. Cecilia Mart\u00ednez y Dr. Manuel Giovine. Inicia: 21 de abril de 2025.<!--more--><\/p>\n<ul>\n<li>Dra. M. Cecilia Mart\u00ednez. Facultad de Filosof\u00eda y Humanidades, UNC.<\/li>\n<li>Dr. Manuel Giovine. Instituto de Humanidades CONICET.<\/li>\n<\/ul>\n<hr \/>\n<p><strong>Presentaci\u00f3n<\/strong>:<\/p>\n<p>El curso se centra en el an\u00e1lisis de diferentes estudios de s\u00edntesis (metan\u00e1lisis, revisiones sistem\u00e1ticas, estados de arte) para ofrecer nuevas perspectivas y horizontes relacionados a la producci\u00f3n del saber en el campo educativo.<\/p>\n<p><strong>Programa<\/strong>: <a href=\"http:\/\/ffyh.unc.edu.ar\/posgrado\/wp-content\/uploads\/sites\/3\/2025\/03\/programa-curso-aportes-metodologicos-de-los-estudios-de-sintesis-a-la-investigacion-educativa.pdf\">consultar<\/a><\/p>\n<hr \/>\n<p><strong>Fechas y horarios<\/strong>:<\/p>\n<p>21\u00a0 y 28 de abril; 5, 12 y 19 de mayo. 14 a 18 hs. Presencial.<\/p>\n<p><strong>*Lugar actualizado:<\/strong> Aula 701, Pabell\u00f3n Centro PLM, de la Facultad de Ciencias Exactas (entrando por el sector de estacionamiento, el pabell\u00f3n est\u00e1 a la derecha al final y el aula se encuentra en la planta baja, a la izquierda tambien al final).<\/p>\n<p>Incluye actividades asincr\u00f3nicas.<\/p>\n<p>Se aceptan estudiantes externes.<\/p>\n<p>Acredita: 40 horas<\/p>\n<hr \/>\n<p><strong><u>Inscripci\u00f3n<\/u><\/strong><\/p>\n<p><strong>SIU Guaran\u00ed:\u00a0<\/strong><a href=\"http:\/\/autogestion.guarani.unc.edu.ar\/\"><strong>autogestion.guarani.unc.edu.ar<\/strong><\/a><\/p>\n<p><u>Inscripci\u00f3n para alumnxs de la carrera<\/u>:<\/p>\n<p>Instructivo:\u00a0<a href=\"https:\/\/drive.google.com\/file\/d\/1bOj9wbcAUCgtYRWWCjxRFdmsoThhrNo9\/view?usp=sharing\">ver<\/a><\/p>\n<p><u>Inscripci\u00f3n para alumnxs externxs:<\/u><\/p>\n<p>Instructivo para alumnxs con usuario SIU-Guaran\u00ed:\u00a0<a href=\"http:\/\/ffyh.unc.edu.ar\/posgrado\/wp-content\/uploads\/sites\/3\/2023\/03\/Alumnxs-con-usuario-Cursos-de-posgrado-Inscripcion-a-cursada-SIU-Guarani.pdf\">ver<\/a><\/p>\n<p>Instructivo para alumnxs SIN usuario SIU-Guaran\u00ed:\u00a0<a href=\"http:\/\/ffyh.unc.edu.ar\/posgrado\/wp-content\/uploads\/sites\/3\/2023\/03\/Alumnxs-SIN-usuario-Cursos-de-posgrado-Inscripcion-a-cursada-SIU-Guarani.pdf\">ver<\/a><\/p>\n<hr \/>\n<p><strong>Fecha cierre inscripci\u00f3n<\/strong>: 17 de abril.<\/p>\n<hr \/>\n<p><strong><u>Arancel para alumnxs externxs<\/u><\/strong>: $60000<\/p>\n<hr \/>\n<p><strong>Contacto:<\/strong> cursos@ffyh.unc.edu.ar<\/p>\n<p>&nbsp;<\/p>\n","protected":false},"excerpt":{"rendered":"<p>Dra. M. Cecilia Mart\u00ednez y Dr. Manuel Giovine. Inicia: 21 de abril de 2025.<\/p>\n","protected":false},"author":5,"featured_media":11606,"comment_status":"closed","ping_status":"closed","sticky":false,"template":"","format":"standard","meta":{"_acf_changed":false,"colormag_page_container_layout":"default_layout","colormag_page_sidebar_layout":"default_layout","_jetpack_memberships_contains_paid_content":false,"footnotes":""},"categories":[1],"tags":[14,177,23],"class_list":["post-11573","post","type-post","status-publish","format-standard","has-post-thumbnail","hentry","category-novedades","tag-curso-de-doctorado","tag-cursos-2025","tag-doctorado-en-ciencias-de-la-educacion"],"acf":[],"jetpack_featured_media_url":"https:\/\/ffyh.unc.edu.ar\/posgrado\/wp-content\/uploads\/sites\/3\/2025\/03\/Placas-para-la-web-Sitio-web-4.png","jetpack_sharing_enabled":true,"_links":{"self":[{"href":"https:\/\/ffyh.unc.edu.ar\/posgrado\/wp-json\/wp\/v2\/posts\/11573","targetHints":{"allow":["GET"]}}],"collection":[{"href":"https:\/\/ffyh.unc.edu.ar\/posgrado\/wp-json\/wp\/v2\/posts"}],"about":[{"href":"https:\/\/ffyh.unc.edu.ar\/posgrado\/wp-json\/wp\/v2\/types\/post"}],"author":[{"embeddable":true,"href":"https:\/\/ffyh.unc.edu.ar\/posgrado\/wp-json\/wp\/v2\/users\/5"}],"replies":[{"embeddable":true,"href":"https:\/\/ffyh.unc.edu.ar\/posgrado\/wp-json\/wp\/v2\/comments?post=11573"}],"version-history":[{"count":7,"href":"https:\/\/ffyh.unc.edu.ar\/posgrado\/wp-json\/wp\/v2\/posts\/11573\/revisions"}],"predecessor-version":[{"id":11658,"href":"https:\/\/ffyh.unc.edu.ar\/posgrado\/wp-json\/wp\/v2\/posts\/11573\/revisions\/11658"}],"wp:featuredmedia":[{"embeddable":true,"href":"https:\/\/ffyh.unc.edu.ar\/posgrado\/wp-json\/wp\/v2\/media\/11606"}],"wp:attachment":[{"href":"https:\/\/ffyh.unc.edu.ar\/posgrado\/wp-json\/wp\/v2\/media?parent=11573"}],"wp:term":[{"taxonomy":"category","embeddable":true,"href":"https:\/\/ffyh.unc.edu.ar\/posgrado\/wp-json\/wp\/v2\/categories?post=11573"},{"taxonomy":"post_tag","embeddable":true,"href":"https:\/\/ffyh.unc.edu.ar\/posgrado\/wp-json\/wp\/v2\/tags?post=11573"}],"curies":[{"name":"wp","href":"https:\/\/api.w.org\/{rel}","templated":true}]}}