{"id":12162,"date":"2025-08-26T18:47:33","date_gmt":"2025-08-26T18:47:33","guid":{"rendered":"https:\/\/ffyh.unc.edu.ar\/posgrado\/?p=12162"},"modified":"2025-08-26T18:53:37","modified_gmt":"2025-08-26T18:53:37","slug":"seminario-de-posgrado-regimenes-patrimoniales-y-usos-del-pasado-despojos-sujeciones-y-disidencias","status":"publish","type":"post","link":"https:\/\/ffyh.unc.edu.ar\/posgrado\/2025\/08\/26\/seminario-de-posgrado-regimenes-patrimoniales-y-usos-del-pasado-despojos-sujeciones-y-disidencias\/","title":{"rendered":"Seminario de posgrado. \u201cReg\u00edmenes patrimoniales y usos del pasado. Despojos, sujeciones y disidencias\u201d"},"content":{"rendered":"<p>Dra. Carolina Crespo. Inicia: 22 de septiembre de 2025.<!--more--><\/p>\n<p>P<strong>resentaci\u00f3n<\/strong>:<\/p>\n<p>Las pol\u00edticas patrimoniales se vinculan con la formaci\u00f3n de los Estados nacionales, consolidando subjetividades y memorias acorde al orden moderno-colonial. Estas pol\u00edticas han funcionado como dispositivos de poder que legitiman ciertas narrativas y excluyen otras, especialmente de sectores subalternos. Desde los a\u00f1os 80, el patrimonio se ampli\u00f3 e integr\u00f3 a l\u00f3gicas neoliberales, reconociendo nuevas formas de diversidad cultural y articul\u00e1ndose con el mercado y los derechos humanos. El seminario propone desnaturalizar el concepto de patrimonio, cuestionando sus fundamentos, silencios y exclusiones, y explorando las tensiones entre sujeci\u00f3n y agencia, conservaci\u00f3n y destrucci\u00f3n. Adem\u00e1s, se analiza c\u00f3mo se construye y disputa el pasado a trav\u00e9s de diversos dispositivos como monumentos, museos y sitios de memoria.<\/p>\n<p><strong>Programa<\/strong>: <a href=\"http:\/\/ffyh.unc.edu.ar\/posgrado\/wp-content\/uploads\/sites\/3\/2025\/08\/Programa-seminario-maestria-Patrimonio-Crespo-25-Agosto-2025.pdf\">consultar<\/a><\/p>\n<hr \/>\n<p><strong>Fechas y horarios<\/strong><strong>:<\/strong><\/p>\n<p>Dictado presencial: 22, 23, 24, 25 y 26 de septiembre de 18 a 21 hs.<br \/>\n(Aula B, Pabell\u00f3n Residencial)<br \/>\nDictado virtual sincr\u00f3nico: 30 de septiembre y 7, 14 y 21 de octubre de 18 a 21 hs.<\/p>\n<hr \/>\n<p>Acredita: 45 horas<\/p>\n<hr \/>\n<p><strong><u>Inscripci\u00f3n<\/u><\/strong><\/p>\n<p><strong>SIU Guaran\u00ed:\u00a0<\/strong><a href=\"http:\/\/autogestion.guarani.unc.edu.ar\/\"><strong>autogestion.guarani.unc.edu.ar<\/strong><\/a><\/p>\n<p><u>Inscripci\u00f3n para alumnxs de la carrera<\/u>:<\/p>\n<p>Instructivo:\u00a0<a href=\"https:\/\/drive.google.com\/file\/d\/1bOj9wbcAUCgtYRWWCjxRFdmsoThhrNo9\/view?usp=sharing\">ver<\/a><\/p>\n<p><u>Inscripci\u00f3n para alumnxs externxs:<\/u><\/p>\n<p>Instructivo para alumnxs con usuario SIU-Guaran\u00ed:\u00a0<a href=\"http:\/\/ffyh.unc.edu.ar\/posgrado\/wp-content\/uploads\/sites\/3\/2023\/03\/Alumnxs-con-usuario-Cursos-de-posgrado-Inscripcion-a-cursada-SIU-Guarani.pdf\">ver<\/a><\/p>\n<p>Instructivo para alumnxs SIN usuario SIU-Guaran\u00ed:\u00a0<a href=\"http:\/\/ffyh.unc.edu.ar\/posgrado\/wp-content\/uploads\/sites\/3\/2023\/03\/Alumnxs-SIN-usuario-Cursos-de-posgrado-Inscripcion-a-cursada-SIU-Guarani.pdf\">ver<\/a><\/p>\n<hr \/>\n<p><strong>Fecha cierre inscripci\u00f3n<\/strong>: 20 de septiembre.<\/p>\n<hr \/>\n<p><strong><u>Arancel para alumnxs externxs<\/u><\/strong>: $55000<\/p>\n","protected":false},"excerpt":{"rendered":"<p>Dra. Carolina Crespo. Inicia: 22 de septiembre de 2025.<\/p>\n","protected":false},"author":5,"featured_media":12165,"comment_status":"closed","ping_status":"closed","sticky":false,"template":"","format":"standard","meta":{"_acf_changed":false,"colormag_page_container_layout":"default_layout","colormag_page_sidebar_layout":"default_layout","_jetpack_memberships_contains_paid_content":false,"footnotes":""},"categories":[1],"tags":[177,34,46,60],"class_list":["post-12162","post","type-post","status-publish","format-standard","has-post-thumbnail","hentry","category-novedades","tag-cursos-2025","tag-especializacion-en-antropologia-social","tag-maestria-en-antropologia","tag-seminario-de-posgrado"],"acf":[],"jetpack_featured_media_url":"https:\/\/ffyh.unc.edu.ar\/posgrado\/wp-content\/uploads\/sites\/3\/2025\/08\/Screenshot-2025-08-26-at-15-46-52-Placas-para-la-web-Sitio-web-Sitio-web.png","jetpack_sharing_enabled":true,"_links":{"self":[{"href":"https:\/\/ffyh.unc.edu.ar\/posgrado\/wp-json\/wp\/v2\/posts\/12162","targetHints":{"allow":["GET"]}}],"collection":[{"href":"https:\/\/ffyh.unc.edu.ar\/posgrado\/wp-json\/wp\/v2\/posts"}],"about":[{"href":"https:\/\/ffyh.unc.edu.ar\/posgrado\/wp-json\/wp\/v2\/types\/post"}],"author":[{"embeddable":true,"href":"https:\/\/ffyh.unc.edu.ar\/posgrado\/wp-json\/wp\/v2\/users\/5"}],"replies":[{"embeddable":true,"href":"https:\/\/ffyh.unc.edu.ar\/posgrado\/wp-json\/wp\/v2\/comments?post=12162"}],"version-history":[{"count":2,"href":"https:\/\/ffyh.unc.edu.ar\/posgrado\/wp-json\/wp\/v2\/posts\/12162\/revisions"}],"predecessor-version":[{"id":12166,"href":"https:\/\/ffyh.unc.edu.ar\/posgrado\/wp-json\/wp\/v2\/posts\/12162\/revisions\/12166"}],"wp:featuredmedia":[{"embeddable":true,"href":"https:\/\/ffyh.unc.edu.ar\/posgrado\/wp-json\/wp\/v2\/media\/12165"}],"wp:attachment":[{"href":"https:\/\/ffyh.unc.edu.ar\/posgrado\/wp-json\/wp\/v2\/media?parent=12162"}],"wp:term":[{"taxonomy":"category","embeddable":true,"href":"https:\/\/ffyh.unc.edu.ar\/posgrado\/wp-json\/wp\/v2\/categories?post=12162"},{"taxonomy":"post_tag","embeddable":true,"href":"https:\/\/ffyh.unc.edu.ar\/posgrado\/wp-json\/wp\/v2\/tags?post=12162"}],"curies":[{"name":"wp","href":"https:\/\/api.w.org\/{rel}","templated":true}]}}