{"id":12317,"date":"2025-09-29T14:39:09","date_gmt":"2025-09-29T14:39:09","guid":{"rendered":"https:\/\/ffyh.unc.edu.ar\/posgrado\/?p=12317"},"modified":"2025-09-29T15:24:14","modified_gmt":"2025-09-29T15:24:14","slug":"jornadas-literatura-y-especulacion-teorias-y-poeticas-mestizas-en-latinoamerica-2","status":"publish","type":"post","link":"https:\/\/ffyh.unc.edu.ar\/posgrado\/2025\/09\/29\/jornadas-literatura-y-especulacion-teorias-y-poeticas-mestizas-en-latinoamerica-2\/","title":{"rendered":"Jornadas Literatura y especulaci\u00f3n Teor\u00edas y po\u00e9ticas mestizas en Latinoam\u00e9rica."},"content":{"rendered":"<p>2 y 3 de octubre de 2025<!--more--><\/p>\n<p><strong>Fundamentaci\u00f3n<\/strong><\/p>\n<p>El estallido de los impulsos clasificatorios heredados del positivismo y el racionalismo se ha derramado decisivamente sobre las ciencias humanas y sociales, transformando sus objetos y perspectivas. De all\u00ed que se registra una profusi\u00f3n de gestos te\u00f3ricos, cr\u00edticos, creativos y reflexivos que privilegian lo mutable, la mezcla, los desbordes. Por su parte, desde la modernidad latinoamericana en adelante, se han debatido los alcances y los riesgos de nociones como mestizaje, hibridez, totalidades contradictorias. As\u00ed, se torna urgente la reconversi\u00f3n de dichas pol\u00e9micas en virtud de asuntos urgentes como la indeterminaci\u00f3n entre lo tecnol\u00f3gico y lo humano, o la revalorizaci\u00f3n de naturaleza a partir de la ecocr\u00edtica y la inevitable tendencia a la mutabilidad en las vivencias de un presente fugaz, expresada por los nuevos materialismos.<\/p>\n<p>Los dispositivos est\u00e9ticos y l\u00f3gicas de representaci\u00f3n imperantes en la literatura se vuelcan tambi\u00e9n a la mixtura de g\u00e9neros y a la transmedialidad. La vigencia de est\u00e9ticas de la conmoci\u00f3n como el new weird o la literatura especulativa se ubican en un continuum de innovaciones cuya pol\u00edtica es el contagio y la expansi\u00f3n, la trascendencia de los l\u00edmites y la metamorfosis. A esto se suma la adaptaci\u00f3n aut\u00f3ctona de matrices perceptivas lejanas en tiempo y espacio, como el g\u00f3tico andino o el neog\u00f3tico rioplatense (que ya se han extendido a otras regiones), e incluso la reverberaci\u00f3n del terror angl\u00f3fono que toma forma de realismo desencajado o espanto cotidiano en escrituras latinoamericanas tradicionales y contempor\u00e1neas.<\/p>\n<p>Por \u00faltimo, en panoramas pol\u00edticos internacionales que testimonian la reaparici\u00f3n de discursos de opresi\u00f3n avalados por el pensamiento conservador y la derecha pol\u00edtica, se hace m\u00e1s que necesario recuperar genealog\u00edas te\u00f3ricas y cr\u00edticas que movilicen lo colectivo ante la fijeza de los individualismos. Elegimos la categor\u00eda de lo mestizo porque nos situamos desde el punto de vista de la producci\u00f3n\/creaci\u00f3n del discurso cr\u00edtico y literario, desde la poiesis. Nos preguntamos, entonces, c\u00f3mo nacen estos modos de pensar, estos c\u00f3digos ficcionales, antes que c\u00f3mo se leen o qu\u00e9 efectos generan. Mientras la hibridez apuntar\u00eda a categor\u00edas dadas que se cruzan, lo mestizo nace mezclado, por eso permite hablar sobre lo permeable, lo poroso, en tanto niega la pureza como noci\u00f3n esencialista.<\/p>\n<p>Accede a la circular con los detalles <a href=\"http:\/\/ffyh.unc.edu.ar\/posgrado\/wp-content\/uploads\/sites\/3\/2025\/09\/Cuarta-Circular-Jornadas-Literatura-y-especulacion-2025.pdf\"><strong>aqu\u00ed<\/strong><\/a>.<\/p>\n<hr \/>\n<p><img fetchpriority=\"high\" decoding=\"async\" class=\"aligncenter wp-image-12319 size-large\" src=\"http:\/\/ffyh.unc.edu.ar\/posgrado\/wp-content\/uploads\/sites\/3\/2025\/09\/Nuevo-Flyer-de-difusion-724x1024.jpeg\" alt=\"\" width=\"724\" height=\"1024\" srcset=\"https:\/\/ffyh.unc.edu.ar\/posgrado\/wp-content\/uploads\/sites\/3\/2025\/09\/Nuevo-Flyer-de-difusion-724x1024.jpeg 724w, https:\/\/ffyh.unc.edu.ar\/posgrado\/wp-content\/uploads\/sites\/3\/2025\/09\/Nuevo-Flyer-de-difusion-212x300.jpeg 212w, https:\/\/ffyh.unc.edu.ar\/posgrado\/wp-content\/uploads\/sites\/3\/2025\/09\/Nuevo-Flyer-de-difusion-768x1086.jpeg 768w, https:\/\/ffyh.unc.edu.ar\/posgrado\/wp-content\/uploads\/sites\/3\/2025\/09\/Nuevo-Flyer-de-difusion-1086x1536.jpeg 1086w, https:\/\/ffyh.unc.edu.ar\/posgrado\/wp-content\/uploads\/sites\/3\/2025\/09\/Nuevo-Flyer-de-difusion.jpeg 1131w\" sizes=\"(max-width: 724px) 100vw, 724px\" \/><\/p>\n<p>&nbsp;<\/p>\n","protected":false},"excerpt":{"rendered":"<p>2 y 3 de octubre de 2025<\/p>\n","protected":false},"author":5,"featured_media":12319,"comment_status":"closed","ping_status":"open","sticky":false,"template":"","format":"standard","meta":{"_acf_changed":false,"colormag_page_container_layout":"default_layout","colormag_page_sidebar_layout":"default_layout","_jetpack_memberships_contains_paid_content":false,"footnotes":""},"categories":[1],"tags":[],"class_list":["post-12317","post","type-post","status-publish","format-standard","has-post-thumbnail","hentry","category-novedades"],"acf":[],"jetpack_featured_media_url":"https:\/\/ffyh.unc.edu.ar\/posgrado\/wp-content\/uploads\/sites\/3\/2025\/09\/Nuevo-Flyer-de-difusion.jpeg","jetpack_sharing_enabled":true,"_links":{"self":[{"href":"https:\/\/ffyh.unc.edu.ar\/posgrado\/wp-json\/wp\/v2\/posts\/12317","targetHints":{"allow":["GET"]}}],"collection":[{"href":"https:\/\/ffyh.unc.edu.ar\/posgrado\/wp-json\/wp\/v2\/posts"}],"about":[{"href":"https:\/\/ffyh.unc.edu.ar\/posgrado\/wp-json\/wp\/v2\/types\/post"}],"author":[{"embeddable":true,"href":"https:\/\/ffyh.unc.edu.ar\/posgrado\/wp-json\/wp\/v2\/users\/5"}],"replies":[{"embeddable":true,"href":"https:\/\/ffyh.unc.edu.ar\/posgrado\/wp-json\/wp\/v2\/comments?post=12317"}],"version-history":[{"count":3,"href":"https:\/\/ffyh.unc.edu.ar\/posgrado\/wp-json\/wp\/v2\/posts\/12317\/revisions"}],"predecessor-version":[{"id":12322,"href":"https:\/\/ffyh.unc.edu.ar\/posgrado\/wp-json\/wp\/v2\/posts\/12317\/revisions\/12322"}],"wp:featuredmedia":[{"embeddable":true,"href":"https:\/\/ffyh.unc.edu.ar\/posgrado\/wp-json\/wp\/v2\/media\/12319"}],"wp:attachment":[{"href":"https:\/\/ffyh.unc.edu.ar\/posgrado\/wp-json\/wp\/v2\/media?parent=12317"}],"wp:term":[{"taxonomy":"category","embeddable":true,"href":"https:\/\/ffyh.unc.edu.ar\/posgrado\/wp-json\/wp\/v2\/categories?post=12317"},{"taxonomy":"post_tag","embeddable":true,"href":"https:\/\/ffyh.unc.edu.ar\/posgrado\/wp-json\/wp\/v2\/tags?post=12317"}],"curies":[{"name":"wp","href":"https:\/\/api.w.org\/{rel}","templated":true}]}}