{"id":12789,"date":"2026-03-02T19:55:28","date_gmt":"2026-03-02T19:55:28","guid":{"rendered":"https:\/\/ffyh.unc.edu.ar\/posgrado\/?p=12789"},"modified":"2026-03-30T15:10:15","modified_gmt":"2026-03-30T15:10:15","slug":"defensas-de-tesis-y-trabajos-finales-marzo-2026","status":"publish","type":"post","link":"https:\/\/ffyh.unc.edu.ar\/posgrado\/2026\/03\/02\/defensas-de-tesis-y-trabajos-finales-marzo-2026\/","title":{"rendered":"Defensas de Tesis y Trabajos Finales | Marzo 2026"},"content":{"rendered":"<p><!--more--><\/p>\n<p>La Secretar\u00eda de Posgrado informa que <strong>Beatriz Baldasso<\/strong> defender\u00e1 su Tesis de Maestr\u00eda en Pedagog\u00eda, titulada: \u201c<strong>Estudiantes y Sentidos sobre la evaluaci\u00f3n en contextos de ASPO en los espacios de Residencia Docente del PUEF \u2013 UNLaR<\/strong>\u201d, dirigida por el Dr. Sebastian Adolfo Trueba. Actuar\u00e1n como Jurado la Mgter. Lilia Nakayama, el Dr. Fabian Guillermo Gal\u00e1n Pe\u00f1alva y la Mgter. Clarisa Adriana Hern\u00e1ndez. La defensa se realizar\u00e1 el d\u00eda viernes 6 de marzo de 2026 a las 13 hs. <b>Enlace:<\/b> <a href=\"https:\/\/www.google.com\/url?q=http:\/\/meet.google.com\/dgp-putx-rib&amp;sa=D&amp;source=calendar&amp;ust=1772382819839960&amp;usg=AOvVaw1PWXJTZj10KrclQDg-MyY6\" target=\"_blank\" rel=\"noopener\" data-saferedirecturl=\"https:\/\/www.google.com\/url?q=https:\/\/www.google.com\/url?q%3Dhttp:\/\/meet.google.com\/dgp-putx-rib%26sa%3DD%26source%3Dcalendar%26ust%3D1772382819839960%26usg%3DAOvVaw1PWXJTZj10KrclQDg-MyY6&amp;source=gmail&amp;ust=1772566882019000&amp;usg=AOvVaw1DaaijSgEkzbHr0wCDgKhJ\">meet.google.com\/dgp-putx-rib<\/a><\/p>\n<div>\n<hr \/>\n<\/div>\n<div>\n<div>\n<div>La Secretar\u00eda de Posgrado informa que <strong>Mar\u00eda Alejandra Bord\u00f3n<\/strong> defender\u00e1 su Trabajo Final de Especializaci\u00f3n en Asesoramiento y Gesti\u00f3n Pedag\u00f3gica, titulado: \u201c<strong>Poes\u00eda y artes visuales. Lo blando en la historia del arte<\/strong>\u201d, dirigida por la Dra. Adriana Carlota Di Francesco. Actuar\u00e1n como Jurado la Mgter. Liliana Abrate, Mgter. Laura Mui\u00f1o y Mgter. Adriana Tessio . La defensa se realizar\u00e1 el d\u00eda martes 3 de marzo de 2026 a las 11 hs. <b>Enlace: <\/b><a href=\"http:\/\/meet.google.com\/tgk-mcrs-ftg\">meet.google.com\/tgk-mcrs-ftg\u00a0<\/a><\/div>\n<div>\n<hr \/>\n<\/div>\n<div>\n<p>La Secretar\u00eda de Posgrado informa que el <strong>Lic. Gonzalo Guti\u00e9rrez Urquijo<\/strong> defender\u00e1 su Tesis Doctoral en Filosof\u00eda, titulada: \u00ab<strong>El vitalismo de Gilles Deleuze: entre tradici\u00f3n y singularidad<\/strong>\u201d, dirigida por el Dr. Axel Cherniavsky y el Dr. Emmanuel Biset. Actuar\u00e1n como Jurado la Dra. Cristina P\u00f3sleman, el Dr. Pablo Pachilla y la Dra. Natalia Lorio. La defensa se realizar\u00e1 el d\u00eda mi\u00e9rcoles 4 de marzo de 2026 a las 10:00 hs.<\/p>\n<hr \/>\n<\/div>\n<\/div>\n<\/div>\n<div>La Secretar\u00eda de Posgrado informa que el <strong>Lic.Luis Alberto Galeano<\/strong> Escucha defender\u00e1 su Tesis Doctoral en Historia, titulada: \u201c<strong>Captura ambiental: un estudio de la articulaci\u00f3n entre naturaleza y las organizaciones criminales en Colombia (2006-2016)<\/strong>\u201d, dirigida por el Dr. Gabriel Fernando Carini. Actuar\u00e1n como Jurado el Dr. Gabriel Garnero, el Dr. Adri\u00e1n Gustavo Zarrilli y el Dr. Alexander Betancourt Mendieta. La defensa se realizar\u00e1 el d\u00eda martes 10 de marzo de 2026 a las 11 hs.<\/div>\n<div>\n<hr \/>\n<\/div>\n<div>La Secretar\u00eda de Posgrado informa que el Lic. <strong>Valent\u00edn Huarte Guerra<\/strong> defender\u00e1 su Tesis Doctoral en Filosof\u00eda, titulada: \u201c<strong>El materialismo dial\u00e9ctico como cr\u00edtica trascendental. El problema de las categor\u00edas en Hegel, Kant y Althusser<\/strong>\u201d, dirigida por el Dr. Pedro Karczmarczyk y la Dra. Mariana G\u00f3mez. Actuar\u00e1n como Jurado el Dr. Diego Lanciote, el Dr. Sebasti\u00e1n Torres y el Dr. Emmanuel Biset. La defensa se realizar\u00e1 el d\u00eda mi\u00e9rcoles 25 de marzo de 2026 a las 10 hs.<\/div>\n<div>\n<hr \/>\n<\/div>\n<div>\n<p>La Secretar\u00eda de Posgrado informa que el Lic. <strong>Gustavo Gabriel Acosta<\/strong> defender\u00e1 su Tesis Doctoral en Ciencias Antropol\u00f3gicas, titulada: \u201c<strong>Estudios tecnol\u00f3gicos de arte rupestre y aportes al estudio del paisaje del Per\u00edodo Medio (ca. ad 600- 900) y Tard\u00edo (ca. ad 900- ad 1450) en la cuenca Ipizca-Ica\u00f1o (Dpto. Ancasti, Catamarca)<\/strong>\u201d, dirigida por el Dr. Guillermo Adri\u00e1n De La Fuente y el Dr. Andr\u00e9s Gustavo Laguens. Actuar\u00e1n como Jurado la Dra. In\u00e9s Gordillo, la Dra. Mar\u00eda Lourdes Iniesta y la Dra. Andrea Recalde. La defensa se realizar\u00e1 el d\u00eda viernes 27 de marzo de 2026 a las 10 hs.<\/p>\n<hr \/>\n<p>La Secretar\u00eda de Posgrado informa que <strong>Carolina <span class=\"il\">Figueroa<\/span>\u00a0<span class=\"il\">Le\u00f3n<\/span><\/strong> defender\u00e1 su trabajo final de Maestr\u00eda en Antropolog\u00eda titulado \u00ab<strong>Conflictos en la traducci\u00f3n de algunos conceptos b\u00edblicos: un ensayo comparativo de antropolog\u00eda ling\u00fc\u00edstica (hebreo, griego, castellano, wich\u00ed)<\/strong>\u00bb dirigido por el Dr. Rodrigo Montani y co-dirigido por la Lic. Flavia Dezzutto. Actuar\u00e1n como Jurado la Dra. Agustina Morando, Dra. Mariana Espinosa y Dr. Carlos Mart\u00ednez Ruiz. La defensa se realizar\u00e1 el d\u00eda viernes 27 de marzo a las 10 hs. en el Aula B del Pabell\u00f3n Residencial.<\/p>\n<hr \/>\n<p>La Secretar\u00eda de Posgrado informa que la Lic. <strong>Macarena Nadia Traktman<\/strong> defender\u00e1 su Tesis Doctoral en Ciencias Antropol\u00f3gicas, titulada: \u00ab<strong>Pr\u00e1cticas alfareras en el sur del valle de Punilla (C\u00f3rdoba, Argentina) durante el Holoceno tard\u00edo final<\/strong>\u00ab, dirigida por la Dra. Gisela Sario y el Dr. Lucas Pereyra Domingorena. Actuar\u00e1n como Jurado la Dra. Mara Basile, la Dra. Agustina Scaro y la Dra. Mariana Dantas. La defensa se realizar\u00e1 el d\u00eda lunes 30 de marzo de 2026 a las 10 hs.<\/p>\n<\/div>\n","protected":false},"excerpt":{"rendered":"","protected":false},"author":5,"featured_media":12403,"comment_status":"closed","ping_status":"open","sticky":false,"template":"","format":"standard","meta":{"_acf_changed":false,"colormag_page_container_layout":"default_layout","colormag_page_sidebar_layout":"default_layout","_jetpack_memberships_contains_paid_content":false,"footnotes":""},"categories":[1],"tags":[19,20,21,154,156],"class_list":["post-12789","post","type-post","status-publish","format-standard","has-post-thumbnail","hentry","category-novedades","tag-defensa-de-tesis","tag-defensa-de-tesis-doctoral","tag-defensa-trabajo-final","tag-defensas-de-tesis","tag-defensas-de-tesis-y-trabajos-finales"],"acf":[],"jetpack_featured_media_url":"https:\/\/ffyh.unc.edu.ar\/posgrado\/wp-content\/uploads\/sites\/3\/2025\/10\/logo-defensas-768x322-1.jpeg","jetpack_sharing_enabled":true,"_links":{"self":[{"href":"https:\/\/ffyh.unc.edu.ar\/posgrado\/wp-json\/wp\/v2\/posts\/12789","targetHints":{"allow":["GET"]}}],"collection":[{"href":"https:\/\/ffyh.unc.edu.ar\/posgrado\/wp-json\/wp\/v2\/posts"}],"about":[{"href":"https:\/\/ffyh.unc.edu.ar\/posgrado\/wp-json\/wp\/v2\/types\/post"}],"author":[{"embeddable":true,"href":"https:\/\/ffyh.unc.edu.ar\/posgrado\/wp-json\/wp\/v2\/users\/5"}],"replies":[{"embeddable":true,"href":"https:\/\/ffyh.unc.edu.ar\/posgrado\/wp-json\/wp\/v2\/comments?post=12789"}],"version-history":[{"count":11,"href":"https:\/\/ffyh.unc.edu.ar\/posgrado\/wp-json\/wp\/v2\/posts\/12789\/revisions"}],"predecessor-version":[{"id":12884,"href":"https:\/\/ffyh.unc.edu.ar\/posgrado\/wp-json\/wp\/v2\/posts\/12789\/revisions\/12884"}],"wp:featuredmedia":[{"embeddable":true,"href":"https:\/\/ffyh.unc.edu.ar\/posgrado\/wp-json\/wp\/v2\/media\/12403"}],"wp:attachment":[{"href":"https:\/\/ffyh.unc.edu.ar\/posgrado\/wp-json\/wp\/v2\/media?parent=12789"}],"wp:term":[{"taxonomy":"category","embeddable":true,"href":"https:\/\/ffyh.unc.edu.ar\/posgrado\/wp-json\/wp\/v2\/categories?post=12789"},{"taxonomy":"post_tag","embeddable":true,"href":"https:\/\/ffyh.unc.edu.ar\/posgrado\/wp-json\/wp\/v2\/tags?post=12789"}],"curies":[{"name":"wp","href":"https:\/\/api.w.org\/{rel}","templated":true}]}}