{"id":12794,"date":"2026-03-05T01:50:31","date_gmt":"2026-03-05T01:50:31","guid":{"rendered":"https:\/\/ffyh.unc.edu.ar\/posgrado\/?p=12794"},"modified":"2026-03-05T01:50:31","modified_gmt":"2026-03-05T01:50:31","slug":"i-jornada-internacional-y-iii-jornadas-nacionales-de-psicopedagogia-escolar-2026","status":"publish","type":"post","link":"https:\/\/ffyh.unc.edu.ar\/posgrado\/2026\/03\/05\/i-jornada-internacional-y-iii-jornadas-nacionales-de-psicopedagogia-escolar-2026\/","title":{"rendered":"I Jornada Internacional y III Jornadas Nacionales de Psicopedagog\u00eda Escolar 2026"},"content":{"rendered":"<p>Viernes 21 de agosto de 2026.<!--more--><br \/>\n\u201c<strong>LA PSICOPEDAGOG\u00cdA ESCOLAR\u00bb. PERSPECTIVAS INTERDISCIPLINARIAS Y DEBATES ACTUALES EN TORNO AL AN\u00c1LISIS Y LA INTERVENCI\u00d3N EN LOS APRENDIZAJES ESCOLARES<\/strong> \u201d<\/p>\n<p>Segunda Circular<\/p>\n<p>La I Jornada Internacional y las III Jornadas Nacionales, con el aval institucional de la Facultad de Filosof\u00eda y Humanidades de la Universidad Nacional de C\u00f3rdoba (RHCD N\u00b01\/2026), en el marco de la Especializaci\u00f3n en Psicopedagog\u00eda Escolar, carrera de posgrado que lleva m\u00e1s de 7 a\u00f1os de implementaci\u00f3n y de la Maestr\u00eda en Psicopedagog\u00eda Escolar de reciente aprobaci\u00f3n por resoluci\u00f3n de CONEAU, N\u00b0 644<\/p>\n<p>La actividad est\u00e1 destinada a: acad\u00e9micos, investigadores, profesionales y docentes de todos los niveles del sistema educativo, estudiantes y graduados universitarios.<\/p>\n<p>Las actividades, ponencias y p\u00f3sters se agrupar\u00e1n en dos ejes, detallados a continuaci\u00f3n:<\/p>\n<p>1. Perspectivas te\u00f3ricas y epistemol\u00f3gicas en torno a la producci\u00f3n de conocimientos en el campo de la Psicopedagog\u00eda escolar.<br \/>\n2. Abordajes Psicopedag\u00f3gicos en instituciones escolares actuales, narrativas y<br \/>\nexperiencias en terreno.<\/p>\n<p>El encuentro contar\u00e1 con la presencia de destacados acad\u00e9micos nacionales e internacionales que participar\u00e1n, seg\u00fan los ejes propuestos, en distintas mesas de trabajo orientadas al abordaje interdisciplinario de problem\u00e1ticas actuales y relevantes del \u00e1mbito<br \/>\npsicopedag\u00f3gico.<\/p>\n<p>Se contar\u00e1 con la presencia de:<\/p>\n<p>Dra. Beatriz Greco (Argentina)<br \/>\nMgter. In\u00e9s Barila (Argentina)<br \/>\nDra. Sandra Bertoldi (Argentina)<br \/>\nEsp. Laura Gimenez (Argentina)<\/p>\n<p>Lic. Christian Balmaceda (Chile)<br \/>\nDra. Cecilia Martinez (Argentina)<br \/>\nDra. Cecilia Assael (Chile)<br \/>\nDr. Dario Sandrone (Argentina)<\/p>\n<hr \/>\n<p>La coordinaci\u00f3n de las jornadas y de las mesas estar\u00e1 a cargo de la Dra. Cristina Vairo, Esp. Natalia Gonz\u00e1lez, Lic. Marcela Morcillo y Esp. Gabriela Reynoso.<\/p>\n<p>En la pr\u00f3xima circular informaremos la agenda completa, las tem\u00e1ticas por mesa y las condiciones para la presentaci\u00f3n de ponencias y p\u00f3sters, los cuales ser\u00e1n evaluados por un comit\u00e9 acad\u00e9mico. Invitamos a toda la comunidad acad\u00e9mica y profesional del campo de la psicopedagog\u00eda interesada a participar de este espacio de encuentro y construcci\u00f3n colectiva.<\/p>\n<hr \/>\n<p>Inscripciones e informes: espsicopedagogia@ffyh.unc.edu.ar<\/p>\n<p><img fetchpriority=\"high\" decoding=\"async\" class=\"alignnone wp-image-12795 size-large\" src=\"http:\/\/ffyh.unc.edu.ar\/posgrado\/wp-content\/uploads\/sites\/3\/2026\/03\/Flyer-Jornada-Psicopedagogia-813x1024.jpg\" alt=\"\" width=\"800\" height=\"1008\" srcset=\"https:\/\/ffyh.unc.edu.ar\/posgrado\/wp-content\/uploads\/sites\/3\/2026\/03\/Flyer-Jornada-Psicopedagogia-813x1024.jpg 813w, https:\/\/ffyh.unc.edu.ar\/posgrado\/wp-content\/uploads\/sites\/3\/2026\/03\/Flyer-Jornada-Psicopedagogia-238x300.jpg 238w, https:\/\/ffyh.unc.edu.ar\/posgrado\/wp-content\/uploads\/sites\/3\/2026\/03\/Flyer-Jornada-Psicopedagogia-768x967.jpg 768w, https:\/\/ffyh.unc.edu.ar\/posgrado\/wp-content\/uploads\/sites\/3\/2026\/03\/Flyer-Jornada-Psicopedagogia-1220x1536.jpg 1220w, https:\/\/ffyh.unc.edu.ar\/posgrado\/wp-content\/uploads\/sites\/3\/2026\/03\/Flyer-Jornada-Psicopedagogia-1320x1662.jpg 1320w, https:\/\/ffyh.unc.edu.ar\/posgrado\/wp-content\/uploads\/sites\/3\/2026\/03\/Flyer-Jornada-Psicopedagogia.jpg 1500w\" sizes=\"(max-width: 800px) 100vw, 800px\" \/><\/p>\n","protected":false},"excerpt":{"rendered":"<p>Viernes 21 de agosto de 2026.<\/p>\n","protected":false},"author":5,"featured_media":12795,"comment_status":"closed","ping_status":"open","sticky":false,"template":"","format":"standard","meta":{"_acf_changed":false,"colormag_page_container_layout":"default_layout","colormag_page_sidebar_layout":"default_layout","_jetpack_memberships_contains_paid_content":false,"footnotes":""},"categories":[1],"tags":[39,210,211,84],"class_list":["post-12794","post","type-post","status-publish","format-standard","has-post-thumbnail","hentry","category-novedades","tag-especializacion-en-psicopedagogia-escolar","tag-jornada","tag-jornada-internacional","tag-jornadas"],"acf":[],"jetpack_featured_media_url":"https:\/\/ffyh.unc.edu.ar\/posgrado\/wp-content\/uploads\/sites\/3\/2026\/03\/Flyer-Jornada-Psicopedagogia.jpg","jetpack_sharing_enabled":true,"_links":{"self":[{"href":"https:\/\/ffyh.unc.edu.ar\/posgrado\/wp-json\/wp\/v2\/posts\/12794","targetHints":{"allow":["GET"]}}],"collection":[{"href":"https:\/\/ffyh.unc.edu.ar\/posgrado\/wp-json\/wp\/v2\/posts"}],"about":[{"href":"https:\/\/ffyh.unc.edu.ar\/posgrado\/wp-json\/wp\/v2\/types\/post"}],"author":[{"embeddable":true,"href":"https:\/\/ffyh.unc.edu.ar\/posgrado\/wp-json\/wp\/v2\/users\/5"}],"replies":[{"embeddable":true,"href":"https:\/\/ffyh.unc.edu.ar\/posgrado\/wp-json\/wp\/v2\/comments?post=12794"}],"version-history":[{"count":1,"href":"https:\/\/ffyh.unc.edu.ar\/posgrado\/wp-json\/wp\/v2\/posts\/12794\/revisions"}],"predecessor-version":[{"id":12796,"href":"https:\/\/ffyh.unc.edu.ar\/posgrado\/wp-json\/wp\/v2\/posts\/12794\/revisions\/12796"}],"wp:featuredmedia":[{"embeddable":true,"href":"https:\/\/ffyh.unc.edu.ar\/posgrado\/wp-json\/wp\/v2\/media\/12795"}],"wp:attachment":[{"href":"https:\/\/ffyh.unc.edu.ar\/posgrado\/wp-json\/wp\/v2\/media?parent=12794"}],"wp:term":[{"taxonomy":"category","embeddable":true,"href":"https:\/\/ffyh.unc.edu.ar\/posgrado\/wp-json\/wp\/v2\/categories?post=12794"},{"taxonomy":"post_tag","embeddable":true,"href":"https:\/\/ffyh.unc.edu.ar\/posgrado\/wp-json\/wp\/v2\/tags?post=12794"}],"curies":[{"name":"wp","href":"https:\/\/api.w.org\/{rel}","templated":true}]}}