{"id":12819,"date":"2026-03-11T16:35:11","date_gmt":"2026-03-11T16:35:11","guid":{"rendered":"https:\/\/ffyh.unc.edu.ar\/posgrado\/?p=12819"},"modified":"2026-03-11T16:37:38","modified_gmt":"2026-03-11T16:37:38","slug":"panel-de-apertura-didactica-de-la-lengua-y-la-literatura-problemas-y-desafios-actuales","status":"publish","type":"post","link":"https:\/\/ffyh.unc.edu.ar\/posgrado\/2026\/03\/11\/panel-de-apertura-didactica-de-la-lengua-y-la-literatura-problemas-y-desafios-actuales\/","title":{"rendered":"Panel de Apertura | Did\u00e1ctica de la lengua y la literatura: problemas y desaf\u00edos actuales."},"content":{"rendered":"<p><!--more-->En el marco del inicio de la cohorte 2026 de las carreras Especializaci\u00f3n y Maestr\u00eda en Did\u00e1ctica de la Lengua y la Literatura de la FFyH &#8211; UNC, los\/as invitamos a participar del <b>Panel de apertura: Did\u00e1ctica de la lengua y la literatura: problemas y desaf\u00edos actuales.<\/b><\/p>\n<hr \/>\n<p><strong>Panelistas<\/strong>:<\/p>\n<p>Mgter. Patricia Bustamante (UNSA)<br \/>\nDr. Mariano Dubin (UNIPE)<br \/>\nDra. Stela Maris Tapia (UNRN)<\/p>\n<p>Coordinan: Mgter Nora Alterman y Dra. Mar\u00eda Florencia Ortiz<\/p>\n<p><img decoding=\"async\" class=\"an1\" src=\"https:\/\/fonts.gstatic.com\/s\/e\/notoemoji\/17.0\/25aa_fe0f\/32.png\" alt=\"\u25aa\ufe0f\" data-emoji=\"\u25aa\ufe0f\" aria-label=\"\u25aa\ufe0f\" \/> Viernes 13 de marzo de 2026 &#8211; 18:30 a 20 hs<\/p>\n<p>Enlace de acceso:\u00a0\u00a0<a href=\"https:\/\/meet.google.com\/kfr-bsuj-rgg\" target=\"_blank\" rel=\"noopener\" data-saferedirecturl=\"https:\/\/www.google.com\/url?q=https:\/\/meet.google.com\/kfr-bsuj-rgg&amp;source=gmail&amp;ust=1773329373875000&amp;usg=AOvVaw3MjVBsEcQ4GGNxuV4sQZ8k\">https:\/\/meet.google.<wbr \/>com\/kfr-bsuj-rgg<\/a><\/p>\n<hr \/>\n<p>Destinado a: estudiantes y egresadxs de las carreras de Especializaci\u00f3n y Maestr\u00eda en Did\u00e1ctica de la Lengua y la Literatura, especialistas, coordinadores, docentes del nivel primario, secundario, superior no universitario y universitarixs interesadxs por la did\u00e1ctica de la lengua y la literatura.<\/p>\n<hr \/>\n<p><img fetchpriority=\"high\" decoding=\"async\" class=\"aligncenter wp-image-12820 size-large\" src=\"http:\/\/ffyh.unc.edu.ar\/posgrado\/wp-content\/uploads\/sites\/3\/2026\/03\/WhatsApp-Image-2026-03-06-at-10.38.41-AM-813x1024.jpeg\" alt=\"\" width=\"800\" height=\"1008\" srcset=\"https:\/\/ffyh.unc.edu.ar\/posgrado\/wp-content\/uploads\/sites\/3\/2026\/03\/WhatsApp-Image-2026-03-06-at-10.38.41-AM-813x1024.jpeg 813w, https:\/\/ffyh.unc.edu.ar\/posgrado\/wp-content\/uploads\/sites\/3\/2026\/03\/WhatsApp-Image-2026-03-06-at-10.38.41-AM-238x300.jpeg 238w, https:\/\/ffyh.unc.edu.ar\/posgrado\/wp-content\/uploads\/sites\/3\/2026\/03\/WhatsApp-Image-2026-03-06-at-10.38.41-AM-768x967.jpeg 768w, https:\/\/ffyh.unc.edu.ar\/posgrado\/wp-content\/uploads\/sites\/3\/2026\/03\/WhatsApp-Image-2026-03-06-at-10.38.41-AM-1220x1536.jpeg 1220w, https:\/\/ffyh.unc.edu.ar\/posgrado\/wp-content\/uploads\/sites\/3\/2026\/03\/WhatsApp-Image-2026-03-06-at-10.38.41-AM.jpeg 1271w\" sizes=\"(max-width: 800px) 100vw, 800px\" \/><\/p>\n<p>Consultas: <a href=\"mailto:esplite@ffyh.unc.edu.ar\" target=\"_blank\" rel=\"noopener\">esplite@ffyh.unc.edu.ar<\/a><\/p>\n<div><\/div>\n","protected":false},"excerpt":{"rendered":"","protected":false},"author":5,"featured_media":12823,"comment_status":"closed","ping_status":"open","sticky":false,"template":"","format":"standard","meta":{"_acf_changed":false,"colormag_page_container_layout":"default_layout","colormag_page_sidebar_layout":"default_layout","_jetpack_memberships_contains_paid_content":false,"footnotes":""},"categories":[1],"tags":[72],"class_list":["post-12819","post","type-post","status-publish","format-standard","has-post-thumbnail","hentry","category-novedades","tag-especializacion-en-didactica-de-la-lengua-y-la-literatura"],"acf":[],"jetpack_featured_media_url":"https:\/\/ffyh.unc.edu.ar\/posgrado\/wp-content\/uploads\/sites\/3\/2026\/03\/llit-1.png","jetpack_sharing_enabled":true,"_links":{"self":[{"href":"https:\/\/ffyh.unc.edu.ar\/posgrado\/wp-json\/wp\/v2\/posts\/12819","targetHints":{"allow":["GET"]}}],"collection":[{"href":"https:\/\/ffyh.unc.edu.ar\/posgrado\/wp-json\/wp\/v2\/posts"}],"about":[{"href":"https:\/\/ffyh.unc.edu.ar\/posgrado\/wp-json\/wp\/v2\/types\/post"}],"author":[{"embeddable":true,"href":"https:\/\/ffyh.unc.edu.ar\/posgrado\/wp-json\/wp\/v2\/users\/5"}],"replies":[{"embeddable":true,"href":"https:\/\/ffyh.unc.edu.ar\/posgrado\/wp-json\/wp\/v2\/comments?post=12819"}],"version-history":[{"count":3,"href":"https:\/\/ffyh.unc.edu.ar\/posgrado\/wp-json\/wp\/v2\/posts\/12819\/revisions"}],"predecessor-version":[{"id":12825,"href":"https:\/\/ffyh.unc.edu.ar\/posgrado\/wp-json\/wp\/v2\/posts\/12819\/revisions\/12825"}],"wp:featuredmedia":[{"embeddable":true,"href":"https:\/\/ffyh.unc.edu.ar\/posgrado\/wp-json\/wp\/v2\/media\/12823"}],"wp:attachment":[{"href":"https:\/\/ffyh.unc.edu.ar\/posgrado\/wp-json\/wp\/v2\/media?parent=12819"}],"wp:term":[{"taxonomy":"category","embeddable":true,"href":"https:\/\/ffyh.unc.edu.ar\/posgrado\/wp-json\/wp\/v2\/categories?post=12819"},{"taxonomy":"post_tag","embeddable":true,"href":"https:\/\/ffyh.unc.edu.ar\/posgrado\/wp-json\/wp\/v2\/tags?post=12819"}],"curies":[{"name":"wp","href":"https:\/\/api.w.org\/{rel}","templated":true}]}}