{"id":12842,"date":"2026-03-20T13:08:19","date_gmt":"2026-03-20T13:08:19","guid":{"rendered":"https:\/\/ffyh.unc.edu.ar\/posgrado\/?p=12842"},"modified":"2026-03-20T13:08:19","modified_gmt":"2026-03-20T13:08:19","slug":"i-jornada-internacional-y-iii-jornadas-nacionales-de-psicopedagogia-escolar-2026-2","status":"publish","type":"post","link":"https:\/\/ffyh.unc.edu.ar\/posgrado\/2026\/03\/20\/i-jornada-internacional-y-iii-jornadas-nacionales-de-psicopedagogia-escolar-2026-2\/","title":{"rendered":"I Jornada Internacional y III Jornadas Nacionales de Psicopedagog\u00eda Escolar 2026"},"content":{"rendered":"<p><!--more--><\/p>\n<p>En <a href=\"http:\/\/ffyh.unc.edu.ar\/posgrado\/wp-content\/uploads\/sites\/3\/2026\/03\/Tercera-circular.-PRIMERAS-JORNADAS-DE-PSICOPEDAGOGIA-ESCOLAR.pdf\">este enlace<\/a> se puede leer primera circular de la I Jornada Internacional y las III Jornadas Nacionales de Psicopedagog\u00eda Escolar 2026: <strong>La psicopedagog\u00eda escolar. Perspectivas interdisciplinarias y debates actuales en torno al an\u00e1lisis y la intervenci\u00f3n en los aprendizajes escolares.<\/strong><\/p>\n<p>&nbsp;<\/p>\n<p>&nbsp;<\/p>\n","protected":false},"excerpt":{"rendered":"","protected":false},"author":5,"featured_media":12844,"comment_status":"closed","ping_status":"open","sticky":false,"template":"","format":"standard","meta":{"_acf_changed":false,"colormag_page_container_layout":"default_layout","colormag_page_sidebar_layout":"default_layout","_jetpack_memberships_contains_paid_content":false,"footnotes":""},"categories":[1],"tags":[214],"class_list":["post-12842","post","type-post","status-publish","format-standard","has-post-thumbnail","hentry","category-novedades","tag-psicopedagogia-escolar"],"acf":[],"jetpack_featured_media_url":"https:\/\/ffyh.unc.edu.ar\/posgrado\/wp-content\/uploads\/sites\/3\/2026\/03\/Screenshot-2026-03-20-at-10-07-11-Placas-para-la-web-Sitio-web-Sitio-web.png","jetpack_sharing_enabled":true,"_links":{"self":[{"href":"https:\/\/ffyh.unc.edu.ar\/posgrado\/wp-json\/wp\/v2\/posts\/12842","targetHints":{"allow":["GET"]}}],"collection":[{"href":"https:\/\/ffyh.unc.edu.ar\/posgrado\/wp-json\/wp\/v2\/posts"}],"about":[{"href":"https:\/\/ffyh.unc.edu.ar\/posgrado\/wp-json\/wp\/v2\/types\/post"}],"author":[{"embeddable":true,"href":"https:\/\/ffyh.unc.edu.ar\/posgrado\/wp-json\/wp\/v2\/users\/5"}],"replies":[{"embeddable":true,"href":"https:\/\/ffyh.unc.edu.ar\/posgrado\/wp-json\/wp\/v2\/comments?post=12842"}],"version-history":[{"count":1,"href":"https:\/\/ffyh.unc.edu.ar\/posgrado\/wp-json\/wp\/v2\/posts\/12842\/revisions"}],"predecessor-version":[{"id":12845,"href":"https:\/\/ffyh.unc.edu.ar\/posgrado\/wp-json\/wp\/v2\/posts\/12842\/revisions\/12845"}],"wp:featuredmedia":[{"embeddable":true,"href":"https:\/\/ffyh.unc.edu.ar\/posgrado\/wp-json\/wp\/v2\/media\/12844"}],"wp:attachment":[{"href":"https:\/\/ffyh.unc.edu.ar\/posgrado\/wp-json\/wp\/v2\/media?parent=12842"}],"wp:term":[{"taxonomy":"category","embeddable":true,"href":"https:\/\/ffyh.unc.edu.ar\/posgrado\/wp-json\/wp\/v2\/categories?post=12842"},{"taxonomy":"post_tag","embeddable":true,"href":"https:\/\/ffyh.unc.edu.ar\/posgrado\/wp-json\/wp\/v2\/tags?post=12842"}],"curies":[{"name":"wp","href":"https:\/\/api.w.org\/{rel}","templated":true}]}}