{"id":12873,"date":"2026-03-27T16:44:02","date_gmt":"2026-03-27T16:44:02","guid":{"rendered":"https:\/\/ffyh.unc.edu.ar\/posgrado\/?p=12873"},"modified":"2026-04-10T11:21:02","modified_gmt":"2026-04-10T11:21:02","slug":"seminario-de-posgrado-condiciones-institucionales-escolares-y-familiares-en-las-problematicas-educativas-de-los-sujetos-de-nivel-inicial-la-psicopedagogia-en-la-prevencion-2","status":"publish","type":"post","link":"https:\/\/ffyh.unc.edu.ar\/posgrado\/2026\/03\/27\/seminario-de-posgrado-condiciones-institucionales-escolares-y-familiares-en-las-problematicas-educativas-de-los-sujetos-de-nivel-inicial-la-psicopedagogia-en-la-prevencion-2\/","title":{"rendered":"Seminario de posgrado \u201cCondiciones institucionales, escolares y familiares en las problem\u00e1ticas educativas de los sujetos de Nivel Inicial. La psicopedagog\u00eda en la prevenci\u00f3n\u201d"},"content":{"rendered":"<p>Mgter. Gabriela Zamprogno. Incia: 23 de abril de 2026.<\/p>\n<p><!--more--><\/p>\n<p><strong>Presentaci\u00f3n<\/strong>:<\/p>\n<p>El m\u00f3dulo aborda conceptos que pueden constituirse en herramientas de an\u00e1lisis para explicar y comprender condiciones institucionales, escolares y familiares vinculadas con algunas problem\u00e1ticas educativas de los ni\u00f1os del nivel inicial.<br \/>\nConsideramos el desarrollo humano como un proceso de socializaci\u00f3n y singularizaci\u00f3n, que tiene lugar inicialmente en la instituci\u00f3n familiar. Es la familia la que proporciona las bases para el despliegue del desarrollo de sus miembros, en ella y mediante ella, el reci\u00e9n nacido -indefenso- deviene en sujeto, se constituye como ser sexuado, aut\u00f3nomo, ligado a la cultura.<\/p>\n<p>El ingreso a la instituci\u00f3n educativa formal implica un cambio para toda la familia. Se trata de un acontecimiento que suele ser muy movilizador tanto para el ni\u00f1o como para su familia; la escuela es un escenario de nuevas oportunidades para nuevos aprendizajes. Por ello, fortalecer el v\u00ednculo entre la familia y la escuela, facilitando la cooperaci\u00f3n y el entendimiento entre ambas, es indispensable.<\/p>\n<p>Se reflexionar\u00e1 en torno a la capacidad de pensar y la complejizaci\u00f3n de los procesos de simbolizaci\u00f3n en la infancia. Sabemos que estas posibilidades tienen su origen en la calidad de los intercambios tempranos y es en la escuela donde las relaciones primarias se transforman y se potencian.<\/p>\n<p>Se abordar\u00e1 la compleja relaci\u00f3n familia-escuela en tanto ambas son las instituciones socializadoras por excelencia, destac\u00e1ndose la importancia del trabajo conjunto si de lo que se trata es de promover un desarrollo ps\u00edquico y social saludable para todos los sujetos del nivel inicial.<\/p>\n<p>Se procurar\u00e1 analizar problem\u00e1ticas que surjan del relevamiento de los planteos y de las necesidades propias de la pr\u00e1ctica de los especializandos, espec\u00edficamente en el contexto actual.<\/p>\n<p><strong>Programa<\/strong>: <a href=\"http:\/\/ffyh.unc.edu.ar\/posgrado\/wp-content\/uploads\/sites\/3\/2026\/03\/Programa-Zamprogno.pdf\">consultar<\/a><\/p>\n<hr \/>\n<p><strong>D\u00edas y horarios<\/strong>:<\/p>\n<p>23 y 24 de abril 2026<br \/>\nPresencial sincr\u00f3nico (virtual) Horarios a confirmar.<\/p>\n<p>Acredita: 30 horas.<\/p>\n<hr \/>\n<p><strong><u>Inscripci\u00f3n<\/u><\/strong><\/p>\n<p><strong>SIU Guaran\u00ed:\u00a0<\/strong><a href=\"http:\/\/autogestion.guarani.unc.edu.ar\/\"><strong>autogestion.guarani.unc.edu.ar<\/strong><\/a><\/p>\n<p><u>Inscripci\u00f3n para alumnxs de la carrera<\/u>:<\/p>\n<p>Instructivo:\u00a0<a href=\"https:\/\/drive.google.com\/file\/d\/1bOj9wbcAUCgtYRWWCjxRFdmsoThhrNo9\/view?usp=sharing\">ver<\/a><\/p>\n<p><u>Inscripci\u00f3n para alumnxs externxs:<\/u><\/p>\n<p>Instructivo para alumnxs con usuario SIU-Guaran\u00ed:\u00a0<a href=\"http:\/\/ffyh.unc.edu.ar\/posgrado\/wp-content\/uploads\/sites\/3\/2023\/03\/Alumnxs-con-usuario-Cursos-de-posgrado-Inscripcion-a-cursada-SIU-Guarani.pdf\">ver<\/a><\/p>\n<p>Instructivo para alumnxs SIN usuario SIU-Guaran\u00ed:\u00a0<a href=\"http:\/\/ffyh.unc.edu.ar\/posgrado\/wp-content\/uploads\/sites\/3\/2023\/03\/Alumnxs-SIN-usuario-Cursos-de-posgrado-Inscripcion-a-cursada-SIU-Guarani.pdf\">ver<\/a><\/p>\n<hr \/>\n<p><strong>Fecha cierre inscripci\u00f3n<\/strong>: 21 de abril.<\/p>\n<hr \/>\n<p><strong><u>Arancel para alumnxs externxs<\/u><\/strong>: $75000. <em>Cuatro cupos disponibles para externxs<\/em>.<\/p>\n<hr \/>\n<p><strong>Contacto: <a href=\"mailto:espsicopedagogia@ffyh.unc.edu.ar\">espsicopedagogia@ffyh.unc.edu.ar<\/a><\/strong><\/p>\n","protected":false},"excerpt":{"rendered":"<p>Mgter. Gabriela Zamprogno. Incia: 23 de abril de 2026.<\/p>\n","protected":false},"author":5,"featured_media":12963,"comment_status":"closed","ping_status":"open","sticky":false,"template":"","format":"standard","meta":{"_acf_changed":false,"colormag_page_container_layout":"default_layout","colormag_page_sidebar_layout":"default_layout","_jetpack_memberships_contains_paid_content":false,"footnotes":""},"categories":[1],"tags":[196,39,60],"class_list":["post-12873","post","type-post","status-publish","format-standard","has-post-thumbnail","hentry","category-novedades","tag-cursos-2026","tag-especializacion-en-psicopedagogia-escolar","tag-seminario-de-posgrado"],"acf":[],"jetpack_featured_media_url":"https:\/\/ffyh.unc.edu.ar\/posgrado\/wp-content\/uploads\/sites\/3\/2026\/03\/Screenshot-2026-04-10-at-08-17-33-Placas-para-la-web-Sitio-web-Sitio-web.png","jetpack_sharing_enabled":true,"_links":{"self":[{"href":"https:\/\/ffyh.unc.edu.ar\/posgrado\/wp-json\/wp\/v2\/posts\/12873","targetHints":{"allow":["GET"]}}],"collection":[{"href":"https:\/\/ffyh.unc.edu.ar\/posgrado\/wp-json\/wp\/v2\/posts"}],"about":[{"href":"https:\/\/ffyh.unc.edu.ar\/posgrado\/wp-json\/wp\/v2\/types\/post"}],"author":[{"embeddable":true,"href":"https:\/\/ffyh.unc.edu.ar\/posgrado\/wp-json\/wp\/v2\/users\/5"}],"replies":[{"embeddable":true,"href":"https:\/\/ffyh.unc.edu.ar\/posgrado\/wp-json\/wp\/v2\/comments?post=12873"}],"version-history":[{"count":2,"href":"https:\/\/ffyh.unc.edu.ar\/posgrado\/wp-json\/wp\/v2\/posts\/12873\/revisions"}],"predecessor-version":[{"id":12895,"href":"https:\/\/ffyh.unc.edu.ar\/posgrado\/wp-json\/wp\/v2\/posts\/12873\/revisions\/12895"}],"wp:featuredmedia":[{"embeddable":true,"href":"https:\/\/ffyh.unc.edu.ar\/posgrado\/wp-json\/wp\/v2\/media\/12963"}],"wp:attachment":[{"href":"https:\/\/ffyh.unc.edu.ar\/posgrado\/wp-json\/wp\/v2\/media?parent=12873"}],"wp:term":[{"taxonomy":"category","embeddable":true,"href":"https:\/\/ffyh.unc.edu.ar\/posgrado\/wp-json\/wp\/v2\/categories?post=12873"},{"taxonomy":"post_tag","embeddable":true,"href":"https:\/\/ffyh.unc.edu.ar\/posgrado\/wp-json\/wp\/v2\/tags?post=12873"}],"curies":[{"name":"wp","href":"https:\/\/api.w.org\/{rel}","templated":true}]}}