{"id":12880,"date":"2026-04-01T14:32:26","date_gmt":"2026-04-01T14:32:26","guid":{"rendered":"https:\/\/ffyh.unc.edu.ar\/posgrado\/?p=12880"},"modified":"2026-04-10T18:04:51","modified_gmt":"2026-04-10T18:04:51","slug":"defensas-de-tesis-y-trabajos-finales-abril-2026","status":"publish","type":"post","link":"https:\/\/ffyh.unc.edu.ar\/posgrado\/2026\/04\/01\/defensas-de-tesis-y-trabajos-finales-abril-2026\/","title":{"rendered":"Defensas de Tesis y Trabajos Finales | Abril 2026"},"content":{"rendered":"<p>&nbsp;<\/p>\n<p><!--more-->La Secretar\u00eda de Posgrado informa que <strong>Susana Frank<\/strong> defender\u00e1 su trabajo final de Maestr\u00eda en Antropolog\u00eda titulado: \u201c<strong>La intendencia comunista de F\u00e9lix Stradella en Brinkmann (1958-1960): pasado, memorias e identidades pueblerinas<\/strong>\u201d, dirigido por el Dr. Fernando Aiziczon. Actuar\u00e1n como Jurado la Dra. Lucia Rios, Dra. Mariana Tello y Dra. Guillermina Esp\u00f3sito. La <span class=\"il\">defensa<\/span> oral ser\u00e1 el d\u00eda 9 de abril a las 13:30hs en el Aula A (Pabell\u00f3n Residencial, FFyH).<\/p>\n<hr \/>\n<p>La Secretar\u00eda de Posgrado informa que la Lic. <strong>Marina Sof\u00eda Arrieta<\/strong> defender\u00e1 su Tesis Doctoral en Historia, titulada: \u201c<strong>Producci\u00f3n social de la vida migrante en barrios populares: h\u00e1bitat y cuidados en las trayectorias de migrantes peruanas en la ciudad de C\u00f3rdoba, Argentina (2007-2019)<\/strong>\u201d, dirigida por la Dra. Mar\u00eda Jos\u00e9 Magliano y el Dr. Gonzalo Assusa. Actuar\u00e1n como Jurado la Dra. Ana Mallimacci Barral, la Dra. Laura Ortiz y el Dr. Joaqu\u00edn Perr\u00e9n. La defensa se realizar\u00e1 el d\u00eda lunes 13 de abril de 2026 a las 8.15 hs.<\/p>\n<hr \/>\n<p>La Secretar\u00eda de Posgrado informa que la Lic. <strong>Florencia Costantino<\/strong> defender\u00e1 su Tesis Doctoral en Ciencias de la Educaci\u00f3n, titulada: \u201c<strong>Pr\u00e1cticas tecnol\u00f3gicas l\u00edticas del Holoceno medio y tard\u00edo en Pampa de Achala y Valle de Punilla (provincia de C\u00f3rdoba, Argentina)<\/strong>\u201d, dirigida por la Dra. Gisela Sario y el Dr. Diego Rivero. Actuar\u00e1n como Jurado la Dra. Marcela Leipus, el Dr. Eduardo Pautassi y la Dra. Laura Salg\u00e1n. La defensa se realizar\u00e1 el d\u00eda mi\u00e9rcoles 15 de abril de 2026 a las 10 hs.<\/p>\n<hr \/>\n<p>La Secretar\u00eda de Posgrado informa que la Lic. <strong>Patricia Malena Delgado<\/strong> defender\u00e1 su Tesis Doctoral en Ciencias de la Educaci\u00f3n, titulada: \u201c<strong>El trabajo de los actores de niveles intermedios de gobierno y la mediaci\u00f3n de pol\u00edticas educativas para garantizar la inclusi\u00f3n y la escolaridad secundaria obligatoria en la Provincia del Chaco. Una anal\u00edtica en el contexto de pandemia<\/strong>\u00ab, dirigida por la Dra. Alejandra Mar\u00eda Castro y la Dra. Mar\u00eda Cecilia Bocchio. Actuar\u00e1n como Jurado la Dra. Marisa Zelaya, el Dr. Guillermo Ruiz y la Dra. Yanina Maturo. La defensa se realizar\u00e1 el d\u00eda jueves 30 de abril de 2026 a las 10 hs.<\/p>\n<p>&nbsp;<\/p>\n","protected":false},"excerpt":{"rendered":"<p>&nbsp;<\/p>\n","protected":false},"author":5,"featured_media":12403,"comment_status":"closed","ping_status":"open","sticky":false,"template":"","format":"standard","meta":{"_acf_changed":false,"colormag_page_container_layout":"default_layout","colormag_page_sidebar_layout":"default_layout","_jetpack_memberships_contains_paid_content":false,"footnotes":""},"categories":[1],"tags":[19,20,21,154,156],"class_list":["post-12880","post","type-post","status-publish","format-standard","has-post-thumbnail","hentry","category-novedades","tag-defensa-de-tesis","tag-defensa-de-tesis-doctoral","tag-defensa-trabajo-final","tag-defensas-de-tesis","tag-defensas-de-tesis-y-trabajos-finales"],"acf":[],"jetpack_featured_media_url":"https:\/\/ffyh.unc.edu.ar\/posgrado\/wp-content\/uploads\/sites\/3\/2025\/10\/logo-defensas-768x322-1.jpeg","jetpack_sharing_enabled":true,"_links":{"self":[{"href":"https:\/\/ffyh.unc.edu.ar\/posgrado\/wp-json\/wp\/v2\/posts\/12880","targetHints":{"allow":["GET"]}}],"collection":[{"href":"https:\/\/ffyh.unc.edu.ar\/posgrado\/wp-json\/wp\/v2\/posts"}],"about":[{"href":"https:\/\/ffyh.unc.edu.ar\/posgrado\/wp-json\/wp\/v2\/types\/post"}],"author":[{"embeddable":true,"href":"https:\/\/ffyh.unc.edu.ar\/posgrado\/wp-json\/wp\/v2\/users\/5"}],"replies":[{"embeddable":true,"href":"https:\/\/ffyh.unc.edu.ar\/posgrado\/wp-json\/wp\/v2\/comments?post=12880"}],"version-history":[{"count":6,"href":"https:\/\/ffyh.unc.edu.ar\/posgrado\/wp-json\/wp\/v2\/posts\/12880\/revisions"}],"predecessor-version":[{"id":12971,"href":"https:\/\/ffyh.unc.edu.ar\/posgrado\/wp-json\/wp\/v2\/posts\/12880\/revisions\/12971"}],"wp:featuredmedia":[{"embeddable":true,"href":"https:\/\/ffyh.unc.edu.ar\/posgrado\/wp-json\/wp\/v2\/media\/12403"}],"wp:attachment":[{"href":"https:\/\/ffyh.unc.edu.ar\/posgrado\/wp-json\/wp\/v2\/media?parent=12880"}],"wp:term":[{"taxonomy":"category","embeddable":true,"href":"https:\/\/ffyh.unc.edu.ar\/posgrado\/wp-json\/wp\/v2\/categories?post=12880"},{"taxonomy":"post_tag","embeddable":true,"href":"https:\/\/ffyh.unc.edu.ar\/posgrado\/wp-json\/wp\/v2\/tags?post=12880"}],"curies":[{"name":"wp","href":"https:\/\/api.w.org\/{rel}","templated":true}]}}