{"id":12903,"date":"2026-04-06T12:57:54","date_gmt":"2026-04-06T12:57:54","guid":{"rendered":"https:\/\/ffyh.unc.edu.ar\/posgrado\/?p=12903"},"modified":"2026-04-06T12:59:12","modified_gmt":"2026-04-06T12:59:12","slug":"congreso-eternidad-del-ser-nihilismo-y-tecnica-contemporanea-el-pensamiento-de-emanuele-severino","status":"publish","type":"post","link":"https:\/\/ffyh.unc.edu.ar\/posgrado\/2026\/04\/06\/congreso-eternidad-del-ser-nihilismo-y-tecnica-contemporanea-el-pensamiento-de-emanuele-severino\/","title":{"rendered":"Congreso \u201cEternidad del ser, nihilismo y t\u00e9cnica contempor\u00e1nea. El pensamiento de Emanuele Severino\u201d"},"content":{"rendered":"<p><!--more--><\/p>\n<p>El encuentro se realizar\u00e1 el jueves 16 de abril en el Pabell\u00f3n Residencial, FFyH, UNC, a las 10:00 horas. Y, el d\u00eda viernes 17 de abril en Istituto Italiano di Cultura de C\u00f3rdoba a las 10:00 horas.<\/p>\n<p>Ser\u00e1 posible asistir de forma remota v\u00eda streaming, a trav\u00e9s del canal de YouTube de Aasociazione Studi Emanuele Severino en en este <a href=\"https:\/\/www.youtube.com\/channel\/UCI-F7DR-Bx6AD7XWas742pA\">enlace<\/a>.<\/p>\n<p><img fetchpriority=\"high\" decoding=\"async\" class=\"aligncenter wp-image-12904 size-large\" src=\"http:\/\/ffyh.unc.edu.ar\/posgrado\/wp-content\/uploads\/sites\/3\/2026\/04\/Congreso-Severino-CORDOBA_page-0001-724x1024.jpg\" alt=\"\" width=\"724\" height=\"1024\" srcset=\"https:\/\/ffyh.unc.edu.ar\/posgrado\/wp-content\/uploads\/sites\/3\/2026\/04\/Congreso-Severino-CORDOBA_page-0001-724x1024.jpg 724w, https:\/\/ffyh.unc.edu.ar\/posgrado\/wp-content\/uploads\/sites\/3\/2026\/04\/Congreso-Severino-CORDOBA_page-0001-212x300.jpg 212w, https:\/\/ffyh.unc.edu.ar\/posgrado\/wp-content\/uploads\/sites\/3\/2026\/04\/Congreso-Severino-CORDOBA_page-0001-768x1087.jpg 768w, https:\/\/ffyh.unc.edu.ar\/posgrado\/wp-content\/uploads\/sites\/3\/2026\/04\/Congreso-Severino-CORDOBA_page-0001-1085x1536.jpg 1085w, https:\/\/ffyh.unc.edu.ar\/posgrado\/wp-content\/uploads\/sites\/3\/2026\/04\/Congreso-Severino-CORDOBA_page-0001-763x1080.jpg 763w, https:\/\/ffyh.unc.edu.ar\/posgrado\/wp-content\/uploads\/sites\/3\/2026\/04\/Congreso-Severino-CORDOBA_page-0001.jpg 1240w\" sizes=\"(max-width: 724px) 100vw, 724px\" \/><\/p>\n<p><img decoding=\"async\" class=\"aligncenter wp-image-12905 size-large\" src=\"http:\/\/ffyh.unc.edu.ar\/posgrado\/wp-content\/uploads\/sites\/3\/2026\/04\/Congreso-Severino-CORDOBA_page-0002-724x1024.jpg\" alt=\"\" width=\"724\" height=\"1024\" srcset=\"https:\/\/ffyh.unc.edu.ar\/posgrado\/wp-content\/uploads\/sites\/3\/2026\/04\/Congreso-Severino-CORDOBA_page-0002-724x1024.jpg 724w, https:\/\/ffyh.unc.edu.ar\/posgrado\/wp-content\/uploads\/sites\/3\/2026\/04\/Congreso-Severino-CORDOBA_page-0002-212x300.jpg 212w, https:\/\/ffyh.unc.edu.ar\/posgrado\/wp-content\/uploads\/sites\/3\/2026\/04\/Congreso-Severino-CORDOBA_page-0002-768x1087.jpg 768w, https:\/\/ffyh.unc.edu.ar\/posgrado\/wp-content\/uploads\/sites\/3\/2026\/04\/Congreso-Severino-CORDOBA_page-0002-1085x1536.jpg 1085w, https:\/\/ffyh.unc.edu.ar\/posgrado\/wp-content\/uploads\/sites\/3\/2026\/04\/Congreso-Severino-CORDOBA_page-0002-763x1080.jpg 763w, https:\/\/ffyh.unc.edu.ar\/posgrado\/wp-content\/uploads\/sites\/3\/2026\/04\/Congreso-Severino-CORDOBA_page-0002.jpg 1240w\" sizes=\"(max-width: 724px) 100vw, 724px\" \/><\/p>\n<p>&nbsp;<\/p>\n","protected":false},"excerpt":{"rendered":"","protected":false},"author":5,"featured_media":12904,"comment_status":"closed","ping_status":"open","sticky":false,"template":"","format":"standard","meta":{"_acf_changed":false,"colormag_page_container_layout":"default_layout","colormag_page_sidebar_layout":"default_layout","_jetpack_memberships_contains_paid_content":false,"footnotes":""},"categories":[1],"tags":[215],"class_list":["post-12903","post","type-post","status-publish","format-standard","has-post-thumbnail","hentry","category-novedades","tag-congreso"],"acf":[],"jetpack_featured_media_url":"https:\/\/ffyh.unc.edu.ar\/posgrado\/wp-content\/uploads\/sites\/3\/2026\/04\/Congreso-Severino-CORDOBA_page-0001.jpg","jetpack_sharing_enabled":true,"_links":{"self":[{"href":"https:\/\/ffyh.unc.edu.ar\/posgrado\/wp-json\/wp\/v2\/posts\/12903","targetHints":{"allow":["GET"]}}],"collection":[{"href":"https:\/\/ffyh.unc.edu.ar\/posgrado\/wp-json\/wp\/v2\/posts"}],"about":[{"href":"https:\/\/ffyh.unc.edu.ar\/posgrado\/wp-json\/wp\/v2\/types\/post"}],"author":[{"embeddable":true,"href":"https:\/\/ffyh.unc.edu.ar\/posgrado\/wp-json\/wp\/v2\/users\/5"}],"replies":[{"embeddable":true,"href":"https:\/\/ffyh.unc.edu.ar\/posgrado\/wp-json\/wp\/v2\/comments?post=12903"}],"version-history":[{"count":4,"href":"https:\/\/ffyh.unc.edu.ar\/posgrado\/wp-json\/wp\/v2\/posts\/12903\/revisions"}],"predecessor-version":[{"id":12909,"href":"https:\/\/ffyh.unc.edu.ar\/posgrado\/wp-json\/wp\/v2\/posts\/12903\/revisions\/12909"}],"wp:featuredmedia":[{"embeddable":true,"href":"https:\/\/ffyh.unc.edu.ar\/posgrado\/wp-json\/wp\/v2\/media\/12904"}],"wp:attachment":[{"href":"https:\/\/ffyh.unc.edu.ar\/posgrado\/wp-json\/wp\/v2\/media?parent=12903"}],"wp:term":[{"taxonomy":"category","embeddable":true,"href":"https:\/\/ffyh.unc.edu.ar\/posgrado\/wp-json\/wp\/v2\/categories?post=12903"},{"taxonomy":"post_tag","embeddable":true,"href":"https:\/\/ffyh.unc.edu.ar\/posgrado\/wp-json\/wp\/v2\/tags?post=12903"}],"curies":[{"name":"wp","href":"https:\/\/api.w.org\/{rel}","templated":true}]}}