{"id":12931,"date":"2026-04-07T18:59:28","date_gmt":"2026-04-07T18:59:28","guid":{"rendered":"https:\/\/ffyh.unc.edu.ar\/posgrado\/?p=12931"},"modified":"2026-04-09T22:18:26","modified_gmt":"2026-04-09T22:18:26","slug":"seminario-de-posgrado-problematica-metodologica-de-la-investigacion-sociocultural-i-2","status":"publish","type":"post","link":"https:\/\/ffyh.unc.edu.ar\/posgrado\/2026\/04\/07\/seminario-de-posgrado-problematica-metodologica-de-la-investigacion-sociocultural-i-2\/","title":{"rendered":"Seminario de posgrado. \u201cProblem\u00e1tica Metodol\u00f3gica de la Investigaci\u00f3n Sociocultural I\u201d"},"content":{"rendered":"<p>Dra. Marina Liberatori Banegas. Inicia: 15 de abril de 2026.<!--more--><\/p>\n<p><strong>Presentaci\u00f3n<\/strong>:<\/p>\n<p>Este curso se ubica en el primer cuatrimestre del segundo a\u00f1o de la Maestr\u00eda en Antropolog\u00eda y busca brindar herramientas epistemol\u00f3gicas y metodol\u00f3gicas para que las y los estudiantes puedan aplicarlas como reflexi\u00f3n y praxis sobre sus propias investigaciones. Para ello propone un recorrido por diferentes lecturas orientadas por un lado, a comprender las diferentes maneras en que la antropolog\u00eda se ha formulado preguntas, ha mirado a las personas con las que trabaja, ha construido conocimiento y lo ha comunicado en sus distintos momentos y vertientes te\u00f3rico metodol\u00f3gicas. En este sentido, el objetivo principal es reconocer a la antropolog\u00eda como una disciplina social, hist\u00f3rica y contingente que se va modificando y va cambiando de perspectivas, de metodolog\u00edas y de maneras de escribir y comunicar.<\/p>\n<p><strong>Programa<\/strong>: <a href=\"http:\/\/ffyh.unc.edu.ar\/posgrado\/wp-content\/uploads\/sites\/3\/2026\/04\/Programa-MET1-Liberatori-2026.pdf\">consultar<\/a><\/p>\n<hr \/>\n<p><strong>D\u00edas y horarios actualizados<\/strong>:<\/p>\n<div>\n<div>\n<ul>\n<li>Las clases previstas para los d\u00edas\u00a015, 16, 24 de abril\u00a0se desarrollar\u00e1n de manera virtual.<\/li>\n<li>Las clases previstas para el 13, 14 y 15 de mayo se desarrollar\u00e1n de manera presencial en el aula D del Pabell\u00f3n Residencial, de 18 a 21hs.<\/li>\n<li>Las clases previstas para los d\u00edas\u00a024,25 y 26 de junio se desarrollar\u00e1n de manera virtual.<\/li>\n<\/ul>\n<\/div>\n<\/div>\n<p>Acredita: 45 horas.<\/p>\n<hr \/>\n<p>Fecha cierre inscripci\u00f3n: 14 de abril.<\/p>\n<hr \/>\n<p><strong><u>Inscripci\u00f3n<\/u><\/strong><\/p>\n<p><strong>SIU Guaran\u00ed:\u00a0<\/strong><a href=\"http:\/\/autogestion.guarani.unc.edu.ar\/\"><strong>autogestion.guarani.unc.edu.ar<\/strong><\/a><\/p>\n<p><u>Inscripci\u00f3n para alumnxs de la carrera<\/u>:<\/p>\n<p>Instructivo:\u00a0<a href=\"https:\/\/drive.google.com\/file\/d\/1bOj9wbcAUCgtYRWWCjxRFdmsoThhrNo9\/view?usp=sharing\">ver<\/a><\/p>\n<p><u>Inscripci\u00f3n para alumnxs externxs:<\/u><\/p>\n<p>Instructivo para alumnxs con usuario SIU-Guaran\u00ed:\u00a0<a href=\"http:\/\/ffyh.unc.edu.ar\/posgrado\/wp-content\/uploads\/sites\/3\/2023\/03\/Alumnxs-con-usuario-Cursos-de-posgrado-Inscripcion-a-cursada-SIU-Guarani.pdf\">ver<\/a><\/p>\n<p>Instructivo para alumnxs SIN usuario SIU-Guaran\u00ed:\u00a0<a href=\"http:\/\/ffyh.unc.edu.ar\/posgrado\/wp-content\/uploads\/sites\/3\/2023\/03\/Alumnxs-SIN-usuario-Cursos-de-posgrado-Inscripcion-a-cursada-SIU-Guarani.pdf\">ver<\/a><\/p>\n<hr \/>\n<p><strong><u>Arancel para alumnxs externxs<\/u><\/strong>: $75000<\/p>\n<hr \/>\n<p><strong>Contacto:\u00a0<\/strong><a href=\"mailto:maeantro@ffyh.unc.edu.ar\" target=\"_blank\" rel=\"noopener\">maeantro@ffyh.unc.edu.ar<\/a><\/p>\n<div class=\"addtoany_share_save_container addtoany_content addtoany_content_bottom\">\n<div class=\"a2a_kit a2a_kit_size_32 addtoany_list\" data-a2a-url=\"https:\/\/ffyh.unc.edu.ar\/posgrado\/2025\/10\/09\/seminario-de-posgrado-antropologia-y-politica-2\/\" data-a2a-title=\"Seminario de posgrado. \u201cAntropolog\u00eda y Pol\u00edtica\u201d\">\n<div class=\"fb-like\" data-href=\"https:\/\/ffyh.unc.edu.ar\/posgrado\/2025\/10\/09\/seminario-de-posgrado-antropologia-y-politica-2\/\" data-width=\"90\" data-layout=\"button\" data-ref=\"addtoany\"><\/div>\n<p><a class=\"a2a_dd addtoany_share_save addtoany_share\" href=\"https:\/\/www.addtoany.com\/share#url=https%3A%2F%2Fffyh.unc.edu.ar%2Fposgrado%2F2025%2F10%2F09%2Fseminario-de-posgrado-antropologia-y-politica-2%2F&amp;title=Seminario%20de%20posgrado.%20%E2%80%9CAntropolog%C3%ADa%20y%20Pol%C3%ADtica%E2%80%9D\"><img decoding=\"async\" src=\"https:\/\/static.addtoany.com\/buttons\/favicon.png\" alt=\"Share\" \/><\/a><\/p>\n<\/div>\n<\/div>\n","protected":false},"excerpt":{"rendered":"<p>Dra. Marina Liberatori Banegas. Inicia: 15 de abril de 2026.<\/p>\n","protected":false},"author":5,"featured_media":12933,"comment_status":"closed","ping_status":"open","sticky":false,"template":"","format":"standard","meta":{"_acf_changed":false,"colormag_page_container_layout":"default_layout","colormag_page_sidebar_layout":"default_layout","_jetpack_memberships_contains_paid_content":false,"footnotes":""},"categories":[1],"tags":[177,34,46,60],"class_list":["post-12931","post","type-post","status-publish","format-standard","has-post-thumbnail","hentry","category-novedades","tag-cursos-2025","tag-especializacion-en-antropologia-social","tag-maestria-en-antropologia","tag-seminario-de-posgrado"],"acf":[],"jetpack_featured_media_url":"https:\/\/ffyh.unc.edu.ar\/posgrado\/wp-content\/uploads\/sites\/3\/2026\/04\/Screenshot-2026-04-07-at-15-58-51-Placas-para-la-web-Sitio-web-Sitio-web.png","jetpack_sharing_enabled":true,"_links":{"self":[{"href":"https:\/\/ffyh.unc.edu.ar\/posgrado\/wp-json\/wp\/v2\/posts\/12931","targetHints":{"allow":["GET"]}}],"collection":[{"href":"https:\/\/ffyh.unc.edu.ar\/posgrado\/wp-json\/wp\/v2\/posts"}],"about":[{"href":"https:\/\/ffyh.unc.edu.ar\/posgrado\/wp-json\/wp\/v2\/types\/post"}],"author":[{"embeddable":true,"href":"https:\/\/ffyh.unc.edu.ar\/posgrado\/wp-json\/wp\/v2\/users\/5"}],"replies":[{"embeddable":true,"href":"https:\/\/ffyh.unc.edu.ar\/posgrado\/wp-json\/wp\/v2\/comments?post=12931"}],"version-history":[{"count":4,"href":"https:\/\/ffyh.unc.edu.ar\/posgrado\/wp-json\/wp\/v2\/posts\/12931\/revisions"}],"predecessor-version":[{"id":12962,"href":"https:\/\/ffyh.unc.edu.ar\/posgrado\/wp-json\/wp\/v2\/posts\/12931\/revisions\/12962"}],"wp:featuredmedia":[{"embeddable":true,"href":"https:\/\/ffyh.unc.edu.ar\/posgrado\/wp-json\/wp\/v2\/media\/12933"}],"wp:attachment":[{"href":"https:\/\/ffyh.unc.edu.ar\/posgrado\/wp-json\/wp\/v2\/media?parent=12931"}],"wp:term":[{"taxonomy":"category","embeddable":true,"href":"https:\/\/ffyh.unc.edu.ar\/posgrado\/wp-json\/wp\/v2\/categories?post=12931"},{"taxonomy":"post_tag","embeddable":true,"href":"https:\/\/ffyh.unc.edu.ar\/posgrado\/wp-json\/wp\/v2\/tags?post=12931"}],"curies":[{"name":"wp","href":"https:\/\/api.w.org\/{rel}","templated":true}]}}