{"id":13640,"date":"2026-09-01T20:03:02","date_gmt":"2026-09-01T20:03:02","guid":{"rendered":"https:\/\/ffyh.unc.edu.ar\/posgrado\/?p=13640"},"modified":"2026-09-01T20:04:51","modified_gmt":"2026-09-01T20:04:51","slug":"seminario-de-posgrado-educacion-y-medios-audiovisuales-3","status":"publish","type":"post","link":"https:\/\/ffyh.unc.edu.ar\/posgrado\/2026\/09\/01\/seminario-de-posgrado-educacion-y-medios-audiovisuales-3\/","title":{"rendered":"Seminario de posgrado. \u201cEducaci\u00f3n y Medios Audiovisuales\u201d"},"content":{"rendered":"<p>Dra. Eva Da Porta. Inicia: 11 de septiembre de 2026.<!--more--><\/p>\n<p>Presentaci\u00f3n:<\/p>\n<p>El curso se propone analizar las diversas relaciones que pueden plantearse entre la educaci\u00f3n y los medios audiovisuales desde una perspectiva sociocultural que reconozca las transformaciones ocurridas en los \u00faltimos a\u00f1os en estrecha relaci\u00f3n al desarrollo e implementaci\u00f3n de las tecnolog\u00edas digitales, los nuevos medios y formatos, las redes de comunicaci\u00f3n e interacci\u00f3n mediadas y la constituci\u00f3n de internet como la red de redes y la incorporaci\u00f3n de la Inteligencia artificial. Pero tambi\u00e9n las transformaciones ocurridas en el campo educativo vinculadas al desarrollo de pol\u00edticas p\u00fablicas, a los procesos de ampliaci\u00f3n de derechos, a los cambios en las condiciones de la escolarizaci\u00f3n, a las transformaciones en los formatos y gram\u00e1ticas escolares y a la emergencia de nuevas pr\u00e1cticas de ense\u00f1anza y formas de aprendizaje contempor\u00e1neos. En ese marco se propone abordar con particular inter\u00e9s dos procesos de \u201ctecnologizaci\u00f3n de la vida cotidiana\u201d que tienen especial incidencia en los procesos y pr\u00e1cticas educativas y particularmente aquellas vinculadas a la ense\u00f1anza de la lengua y la escritura. Nos referimos a procesos de virtualizaci\u00f3n s\u00fabita ocurrido a partir del comienzo y desarrollo de la Pandemia por COVID-19 que implic\u00f3 un avance del ecosistema comunicativo tecnomedi\u00e1tico sobre el campo educativo sin precedentes y la difusi\u00f3n de la Inteligencia Artificial generativa y en particular las aplicaciones vinculadas al lenguaje natural con la aparici\u00f3n del ChatGPT, el 30 de noviembre de 2022.<\/p>\n<p>Nos proponemos desarrollar una perspectiva cr\u00edtica que pueda identificar aquellos procesos de cambio que afectan a los procesos educativos, particularmente a la escolarizaci\u00f3n, pero tambi\u00e9n a otras formas de educaci\u00f3n que se desarrollan en estrecho v\u00ednculo con estos dispositivos, sus formas expresivas, sus formatos comunicacionales y las formas de crear sentido social. Nos interesa particularmente detenernos en las formas en que los medios audiovisuales sus pr\u00e1cticas asociadas, sus formas de construir sentido van transformando las pr\u00e1cticas sociales, los lenguajes, particularmente las formas de escritura y de lectura y tambi\u00e9n las formas de la ense\u00f1anza de la lengua y la literatura en los escenarios educativos actuales. Nos interesa trabajar contenidos anal\u00edticos que permitan comprender y explorar los lenguajes y discursos de los medios audiovisuales en sus Para ello vamos a recorrer cr\u00edticamente algunos n\u00facleos te\u00f3ricos que consideramos fundamentales para problematizar el v\u00ednculo entre Educaci\u00f3n y Medios Audiovisuales que permitir\u00e1n ir desentra\u00f1ando algunas claves de lectura cr\u00edtica de la situaci\u00f3n actual desde una perspectiva sociocultural. Entre los n\u00facleos problem\u00e1ticos que trabajaremos se destacan tres.<\/p>\n<p>a) Los procesos de mediatizaci\u00f3n y el desarrollo de tecnicidades que permean las distintas esferas sociales y particularmente la educaci\u00f3n.<\/p>\n<p>b) Las caracter\u00edsticas y el lugar que ocupan los discursos audiovisuales en la conformaci\u00f3n de los procesos de significaci\u00f3n contempor\u00e1neos y sus implicancias en los modos en que se produce, circula y se reconoce el sentido.<\/p>\n<p>c) Las caracter\u00edsticas de los alfabetismos audiovisuales actuales y las propuestas de alfabetizaci\u00f3n audiovisual y los aportes de la Alfabetizaci\u00f3n Medi\u00e1tica e Informacional (AMI-UNESCO) El seminario se propone desarrollar una articulaci\u00f3n entre reflexi\u00f3n te\u00f3rica e intervenci\u00f3n educativa a partir del an\u00e1lisis de situaciones y propuestas de ense\u00f1anza, de la experimentaci\u00f3n con algunos recursos y materiales educativos audiovisuales y de la preocupaci\u00f3n por el desarrollo de pr\u00e1cticas de ense\u00f1anza orientadas a favorecer procesos de apropiaci\u00f3n, producci\u00f3n y construcci\u00f3n de conocimientos situados y cr\u00edticos con medios y lenguajes audiovisuales.<\/p>\n<p>Programa: <a href=\"http:\/\/ffyh.unc.edu.ar\/posgrado\/wp-content\/uploads\/sites\/3\/2026\/09\/Programa-Curso-Educacion-y-medios-audiovisuales-2026-con-bibliografia-1.docx.pdf\">consultar<\/a><\/p>\n<hr \/>\n<p><strong>Fecha y horario de dictado:<\/strong><strong>\u00a0<\/strong><\/p>\n<p>Modalidad virtual sincr\u00f3nica:<\/p>\n<p>11 de setiembre 2026 (9 a 18hs)<br \/>\n12 de setiembre 2026 (9 a 16hs)<br \/>\n25 de setiembre 2026 (9 a 18hs)<br \/>\n26 de setiembre 2026 (9 a 16hs)<\/p>\n<p>Acredita: 35 horas.<\/p>\n<hr \/>\n<p><strong><u>Inscripci\u00f3n<\/u><\/strong><\/p>\n<p><strong>SIU Guaran\u00ed:\u00a0<\/strong><a href=\"http:\/\/autogestion.guarani.unc.edu.ar\/\"><strong>autogestion.guarani.unc.edu.ar<\/strong><\/a><\/p>\n<p><u>Inscripci\u00f3n para alumnxs de la carrera<\/u>:<\/p>\n<p>Instructivo:\u00a0<a href=\"https:\/\/drive.google.com\/file\/d\/1bOj9wbcAUCgtYRWWCjxRFdmsoThhrNo9\/view?usp=sharing\">ver<\/a><\/p>\n<p><u>Inscripci\u00f3n para alumnxs externxs:<\/u><\/p>\n<p>Instructivo para alumnxs con usuario SIU-Guaran\u00ed:\u00a0<a href=\"http:\/\/ffyh.unc.edu.ar\/posgrado\/wp-content\/uploads\/sites\/3\/2023\/03\/Alumnxs-con-usuario-Cursos-de-posgrado-Inscripcion-a-cursada-SIU-Guarani.pdf\">ver<\/a><\/p>\n<p>Instructivo para alumnxs SIN usuario SIU-Guaran\u00ed:\u00a0<a href=\"http:\/\/ffyh.unc.edu.ar\/posgrado\/wp-content\/uploads\/sites\/3\/2023\/03\/Alumnxs-SIN-usuario-Cursos-de-posgrado-Inscripcion-a-cursada-SIU-Guarani.pdf\">ver<\/a><\/p>\n<p><strong>Fecha cierre inscripci\u00f3n<\/strong>: 9 de septiembre<\/p>\n<hr \/>\n<p><strong><u>Arancel para alumnxs externxs<\/u><\/strong>: $75000<\/p>\n<hr \/>\n<p><strong>Contacto<\/strong>: <span class=\"gI\"><span class=\"qu yKyxu\" role=\"gridcell\" data-hovercard-id=\"maeantro@ffyh.unc.edu.ar\" data-hovercard-hover-trigger-disabled=\"true\"><span class=\"go \">esplite@ffyh.unc.edu.ar<\/span><\/span><\/span><\/p>\n<p>&nbsp;<\/p>\n","protected":false},"excerpt":{"rendered":"<p>Dra. Eva Da Porta. Inicia: 11 de septiembre de 2026.<\/p>\n","protected":false},"author":5,"featured_media":13642,"comment_status":"closed","ping_status":"open","sticky":false,"template":"","format":"standard","meta":{"_acf_changed":false,"colormag_page_container_layout":"default_layout","colormag_page_sidebar_layout":"default_layout","_jetpack_memberships_contains_paid_content":false,"footnotes":""},"categories":[1],"tags":[196,72,83,60],"class_list":["post-13640","post","type-post","status-publish","format-standard","has-post-thumbnail","hentry","category-novedades","tag-cursos-2026","tag-especializacion-en-didactica-de-la-lengua-y-la-literatura","tag-maestria-en-didactica-de-la-lengua-y-la-literatura","tag-seminario-de-posgrado"],"acf":[],"jetpack_featured_media_url":"https:\/\/ffyh.unc.edu.ar\/posgrado\/wp-content\/uploads\/sites\/3\/2026\/09\/Screenshot-2026-09-01-at-17-01-00-Placas-para-la-web-Sitio-web-Sitio-web.png","jetpack_sharing_enabled":true,"_links":{"self":[{"href":"https:\/\/ffyh.unc.edu.ar\/posgrado\/wp-json\/wp\/v2\/posts\/13640","targetHints":{"allow":["GET"]}}],"collection":[{"href":"https:\/\/ffyh.unc.edu.ar\/posgrado\/wp-json\/wp\/v2\/posts"}],"about":[{"href":"https:\/\/ffyh.unc.edu.ar\/posgrado\/wp-json\/wp\/v2\/types\/post"}],"author":[{"embeddable":true,"href":"https:\/\/ffyh.unc.edu.ar\/posgrado\/wp-json\/wp\/v2\/users\/5"}],"replies":[{"embeddable":true,"href":"https:\/\/ffyh.unc.edu.ar\/posgrado\/wp-json\/wp\/v2\/comments?post=13640"}],"version-history":[{"count":2,"href":"https:\/\/ffyh.unc.edu.ar\/posgrado\/wp-json\/wp\/v2\/posts\/13640\/revisions"}],"predecessor-version":[{"id":13644,"href":"https:\/\/ffyh.unc.edu.ar\/posgrado\/wp-json\/wp\/v2\/posts\/13640\/revisions\/13644"}],"wp:featuredmedia":[{"embeddable":true,"href":"https:\/\/ffyh.unc.edu.ar\/posgrado\/wp-json\/wp\/v2\/media\/13642"}],"wp:attachment":[{"href":"https:\/\/ffyh.unc.edu.ar\/posgrado\/wp-json\/wp\/v2\/media?parent=13640"}],"wp:term":[{"taxonomy":"category","embeddable":true,"href":"https:\/\/ffyh.unc.edu.ar\/posgrado\/wp-json\/wp\/v2\/categories?post=13640"},{"taxonomy":"post_tag","embeddable":true,"href":"https:\/\/ffyh.unc.edu.ar\/posgrado\/wp-json\/wp\/v2\/tags?post=13640"}],"curies":[{"name":"wp","href":"https:\/\/api.w.org\/{rel}","templated":true}]}}