{"id":13649,"date":"2026-09-04T00:50:26","date_gmt":"2026-09-04T00:50:26","guid":{"rendered":"https:\/\/ffyh.unc.edu.ar\/posgrado\/?p=13649"},"modified":"2026-09-04T00:52:02","modified_gmt":"2026-09-04T00:52:02","slug":"seminario-de-posgrado-problematica-metodologica-de-la-investigacion-sociocultural-ii-2","status":"publish","type":"post","link":"https:\/\/ffyh.unc.edu.ar\/posgrado\/2026\/09\/04\/seminario-de-posgrado-problematica-metodologica-de-la-investigacion-sociocultural-ii-2\/","title":{"rendered":"Seminario de posgrado \u201cProblem\u00e1tica Metodol\u00f3gica de la Investigaci\u00f3n Sociocultural II\u201d"},"content":{"rendered":"<p>Mgter. Fabiola Heredia \u2013 Dr. Agust\u00edn Villarreal. Inicia: 9 de septiembre de 2026.<\/p>\n<hr \/>\n<p><strong>Presentaci\u00f3n<\/strong><\/p>\n<p>Este curso ofrece herramientas metodol\u00f3gicas para abordar el trabajo de campo etnogr\u00e1fico, enfoc\u00e1ndose en la interacci\u00f3n social, el registro de experiencias y la construcci\u00f3n del conocimiento. El proceso etnogr\u00e1fico exige adaptarse a las particularidades de cada objeto de estudio y enfrentar desaf\u00edos en la entrada, permanencia y salida del campo.<\/p>\n<p>La etnograf\u00eda es inseparable del \u00abestar ah\u00ed\u00bb, planteando interrogantes clave sobre el rol del investigador, la presencia f\u00edsica, el tiempo y la interacci\u00f3n con los sujetos. Adem\u00e1s, involucra una dimensi\u00f3n sensorial activa que exige tomar decisiones estrat\u00e9gicas sobre qu\u00e9 y c\u00f3mo registrar mediante escritura, grabaciones o fotograf\u00edas, transformando lo vivido e imprevisto en dato etnogr\u00e1fico.<\/p>\n<p>Dado que la etnograf\u00eda integra m\u00e9todo, registro, an\u00e1lisis y escritura desde la corporalidad y subjetividad del investigador, el curso promueve la reflexi\u00f3n cr\u00edtica sobre estas decisiones y la utilizaci\u00f3n de t\u00e9cnicas pr\u00e1cticas para la recolecci\u00f3n y textualizaci\u00f3n de datos.<\/p>\n<p><strong>Programa<\/strong>: <a href=\"http:\/\/ffyh.unc.edu.ar\/posgrado\/wp-content\/uploads\/sites\/3\/2026\/09\/Problematica-Metodologica-de-la-Investigacion-Sociocultural-II-2026.pdf\">consultar<\/a><\/p>\n<hr \/>\n<p><strong>Fecha y horario de dictado:<\/strong><strong>\u00a0<\/strong><\/p>\n<p>9, 10 y 11 de septiembre; 14, 15 y 16 de noviembre. Encuentros sincr\u00f3nicos<br \/>\n25, 26 y 27 de noviembre encuentros presenciales. Aula D, Pabell\u00f3n Residencial 18-21hs<\/p>\n<p>Inscripciones hasta el 7 de septiembre de 2026.<\/p>\n<p>Acredita: 45 horas.<\/p>\n<hr \/>\n<p><strong><u>Inscripci\u00f3n<\/u><\/strong><\/p>\n<p><strong>SIU Guaran\u00ed:\u00a0<\/strong><a href=\"http:\/\/autogestion.guarani.unc.edu.ar\/\"><strong>autogestion.guarani.unc.edu.ar<\/strong><\/a><\/p>\n<p><u>Inscripci\u00f3n para alumnxs de la carrera<\/u>:<\/p>\n<p>Instructivo:\u00a0<a href=\"https:\/\/drive.google.com\/file\/d\/1bOj9wbcAUCgtYRWWCjxRFdmsoThhrNo9\/view?usp=sharing\">ver<\/a><\/p>\n<p><u>Inscripci\u00f3n para alumnxs externxs:<\/u><\/p>\n<p>Instructivo para alumnxs con usuario SIU-Guaran\u00ed:\u00a0<a href=\"http:\/\/ffyh.unc.edu.ar\/posgrado\/wp-content\/uploads\/sites\/3\/2023\/03\/Alumnxs-con-usuario-Cursos-de-posgrado-Inscripcion-a-cursada-SIU-Guarani.pdf\">ver<\/a><\/p>\n<p>Instructivo para alumnxs SIN usuario SIU-Guaran\u00ed:\u00a0<a href=\"http:\/\/ffyh.unc.edu.ar\/posgrado\/wp-content\/uploads\/sites\/3\/2023\/03\/Alumnxs-SIN-usuario-Cursos-de-posgrado-Inscripcion-a-cursada-SIU-Guarani.pdf\">ver<\/a><\/p>\n<p><strong>Fecha cierre inscripci\u00f3n<\/strong>: 18 de junio hasta las 12:00 horas (mediod\u00eda).<\/p>\n<hr \/>\n<p><strong><u>Arancel para alumnxs externxs<\/u><\/strong>: $75000<\/p>\n<hr \/>\n<p><strong>Contacto<\/strong>: <span class=\"gI\"><span class=\"qu yKyxu\" role=\"gridcell\" data-hovercard-id=\"maeantro@ffyh.unc.edu.ar\" data-hovercard-hover-trigger-disabled=\"true\"><span class=\"go \">maeantro@ffyh.unc.edu.ar<\/span><\/span><\/span><\/p>\n<p>&nbsp;<\/p>\n","protected":false},"excerpt":{"rendered":"<p>Mgter. Fabiola Heredia \u2013 Dr. Agust\u00edn Villarreal. Inicia: 9 de septiembre de 2026. Presentaci\u00f3n Este curso ofrece herramientas metodol\u00f3gicas para<\/p>\n","protected":false},"author":5,"featured_media":13653,"comment_status":"closed","ping_status":"open","sticky":false,"template":"","format":"standard","meta":{"_acf_changed":false,"colormag_page_container_layout":"default_layout","colormag_page_sidebar_layout":"default_layout","_jetpack_memberships_contains_paid_content":false,"footnotes":""},"categories":[1],"tags":[196,46,60],"class_list":["post-13649","post","type-post","status-publish","format-standard","has-post-thumbnail","hentry","category-novedades","tag-cursos-2026","tag-maestria-en-antropologia","tag-seminario-de-posgrado"],"acf":[],"jetpack_featured_media_url":"https:\/\/ffyh.unc.edu.ar\/posgrado\/wp-content\/uploads\/sites\/3\/2026\/09\/w-1.png","jetpack_sharing_enabled":true,"_links":{"self":[{"href":"https:\/\/ffyh.unc.edu.ar\/posgrado\/wp-json\/wp\/v2\/posts\/13649","targetHints":{"allow":["GET"]}}],"collection":[{"href":"https:\/\/ffyh.unc.edu.ar\/posgrado\/wp-json\/wp\/v2\/posts"}],"about":[{"href":"https:\/\/ffyh.unc.edu.ar\/posgrado\/wp-json\/wp\/v2\/types\/post"}],"author":[{"embeddable":true,"href":"https:\/\/ffyh.unc.edu.ar\/posgrado\/wp-json\/wp\/v2\/users\/5"}],"replies":[{"embeddable":true,"href":"https:\/\/ffyh.unc.edu.ar\/posgrado\/wp-json\/wp\/v2\/comments?post=13649"}],"version-history":[{"count":1,"href":"https:\/\/ffyh.unc.edu.ar\/posgrado\/wp-json\/wp\/v2\/posts\/13649\/revisions"}],"predecessor-version":[{"id":13652,"href":"https:\/\/ffyh.unc.edu.ar\/posgrado\/wp-json\/wp\/v2\/posts\/13649\/revisions\/13652"}],"wp:featuredmedia":[{"embeddable":true,"href":"https:\/\/ffyh.unc.edu.ar\/posgrado\/wp-json\/wp\/v2\/media\/13653"}],"wp:attachment":[{"href":"https:\/\/ffyh.unc.edu.ar\/posgrado\/wp-json\/wp\/v2\/media?parent=13649"}],"wp:term":[{"taxonomy":"category","embeddable":true,"href":"https:\/\/ffyh.unc.edu.ar\/posgrado\/wp-json\/wp\/v2\/categories?post=13649"},{"taxonomy":"post_tag","embeddable":true,"href":"https:\/\/ffyh.unc.edu.ar\/posgrado\/wp-json\/wp\/v2\/tags?post=13649"}],"curies":[{"name":"wp","href":"https:\/\/api.w.org\/{rel}","templated":true}]}}