{"id":2847,"date":"2013-05-09T16:41:46","date_gmt":"2013-05-09T16:41:46","guid":{"rendered":"http:\/\/www.ffyh.unc.edu.ar\/posgrado\/?p=2847"},"modified":"2013-05-09T16:41:46","modified_gmt":"2013-05-09T16:41:46","slug":"seminario-de-posgrado-analisando-investigacoes-nos-campos-da-formacao-de-professores-e-da-pedagogia-universitaria","status":"publish","type":"post","link":"https:\/\/ffyh.unc.edu.ar\/posgrado\/2013\/05\/09\/seminario-de-posgrado-analisando-investigacoes-nos-campos-da-formacao-de-professores-e-da-pedagogia-universitaria\/","title":{"rendered":"Seminario de Posgrado \u201cAnalisando investiga\u00e7\u00f5es nos campos da forma\u00e7\u00e3o de professores e da pedagogia universit\u00e1ria\u201d"},"content":{"rendered":"<p><b><b><i>Prof\u00aa. Dr\u00aa. Maria Isabel da Cunha &#8211;\u00a0<\/i><\/b>21 al 24 de mayo de 2013<!--more--><\/b><\/p>\n<p><img fetchpriority=\"high\" decoding=\"async\" class=\"aligncenter\" alt=\"\" src=\"http:\/\/www.ffyh.unc.edu.ar\/posgrado\/wp-content\/uploads\/2013\/04\/CAPES-UNICAM.bmp\" width=\"538\" height=\"113\" \/><\/p>\n<p align=\"center\">\u00a0 \u00a0 \u00a0 \u00a0 \u00a0 \u00a0 \u00abPrograma Binacional de Centros Asociados de Postgrados Brasil\/Argentina, entre el Doctorado en Ciencias de la Educaci\u00f3n de la Universidad Nacional de C\u00f3rdoba\/Argentina, en red con Doctorados en Educaci\u00f3n de la\u00a0 Universidade Estadual de Campinas (UNICAMP), Universidade Federal do R\u00edo Grande Do Sul(UFRGS), Universidade Estadual de S\u00e3o Paulo (UNESP-R\u00edo Claro) y Universidade do Vale do R\u00edo Sinos (UNISINOS)\/Brasil\u00bb CAPG-BA (N\u00ba 060\/11)<\/p>\n<p style=\"text-align: left\" align=\"center\"><b><i>INSCRIPCI\u00d3N:\u00a0<a href=\"https:\/\/docs.google.com\/a\/ffyh.unc.edu.ar\/spreadsheet\/viewform?formkey=dFd2YlZEZlZiQUQxSzVzQWstdGpYLXc6MA\" target=\"_blank\">completar formulario<\/a>\u00a0<\/i><\/b><\/p>\n<p align=\"center\"><b><i>Seminario de Posgrado<\/i><\/b><\/p>\n<div align=\"center\">\n<hr align=\"center\" size=\"2\" width=\"100%\" \/>\n<\/div>\n<p align=\"center\"><b><i>\u00a0\u201c<\/i><\/b><b><i>Analisando investiga\u00e7\u00f5es nos campos da forma\u00e7\u00e3o de professores e da pedagogia universit\u00e1ria<\/i><\/b><b><i>\u201d<\/i><\/b><b><i><\/i><\/b><\/p>\n<p align=\"center\"><b><i>\u00a0<\/i><\/b><\/p>\n<p align=\"center\"><b><i>Prof\u00aa. Dr\u00aa. Maria Isabel da Cunha<br \/>\n<\/i><\/b>Programa de P\u00f3s-Gradua\u00e7\u00e3o em Educa\u00e7\u00e3o, Universidade do Vale do rio dos Sinos\/RS\/Brasil<b><i><\/i><\/b><\/p>\n<p style=\"text-align: left\" align=\"center\"><b><i>Presentaci\u00f3n de la Docente: <a href=\"http:\/\/ffyh.unc.edu.ar\/posgrado\/wp-content\/uploads\/sites\/3\/2013\/05\/Maria-Isabel-da-Cunha-apresenta\u00e7\u00e3o.doc\" target=\"_blank\">Descargar\u00a0<\/a><\/i><\/b><\/p>\n<p>O Semin\u00e1rio se prop\u00f5e a explorar a trajet\u00f3ria de pesquisa no campo da forma\u00e7\u00e3o de professores e da pedagogia universit\u00e1ria, incluindo um enfoque hist\u00f3rico social, com base em estudos e dados decorrentes das investiga\u00e7\u00f5es coordenadas pela proponente do Semin\u00e1rio. Analise o sentido da forma\u00e7\u00e3o e suas possibilidades para o desenvolvimento profissional docente.<\/p>\n<p><b>Programa: <a href=\"http:\/\/ffyh.unc.edu.ar\/posgrado\/wp-content\/uploads\/sites\/3\/2013\/05\/Da-Cunha-Proposta-Semin\u00e1rio-U-C\u00f3rdoba.doc\" target=\"_blank\">descargar<\/a><\/b><\/p>\n<div align=\"center\">\n<hr align=\"center\" size=\"2\" width=\"100%\" \/>\n<\/div>\n<p align=\"center\"><b><span style=\"text-decoration: underline\">D\u00edas, horarios y lugar<\/span><\/b><\/p>\n<p align=\"center\"><b>21 al 24 de mayo<br \/>\n<\/b>15 a 19:30hs<b><\/b><\/p>\n<p align=\"center\"><b>Pabell\u00f3n Residencial<\/b><b><\/b><\/p>\n<p align=\"center\"><b>&#8230;&#8230;..<\/b><b><\/b><\/p>\n<p align=\"center\"><b>Carga horaria: 20 hs.<\/b><\/p>\n<div align=\"center\">\n<hr align=\"center\" size=\"2\" width=\"100%\" \/>\n<\/div>\n<p align=\"center\"><b><span style=\"text-decoration: underline\">Gratuito<\/span><\/b><\/p>\n<p align=\"center\">&#8230;&#8230;..<\/p>\n<p align=\"center\">INSCRIPCI\u00d3N: <a href=\"https:\/\/docs.google.com\/a\/ffyh.unc.edu.ar\/spreadsheet\/viewform?formkey=dFd2YlZEZlZiQUQxSzVzQWstdGpYLXc6MA\" target=\"_blank\">completar formulario<\/a><a href=\"\/\/192.168.0.4\/posgrado\/lucas%20backup\/CURSOS%20y%20PSICOP\/Difusi%C3%B3n\/2012\/www.ffyh.unc.edu.ar\/posgrado\"><br \/>\n<\/a><\/p>\n<p style=\"text-align: center\">Consultas: <a href=\"\/\/192.168.0.4\/posgrado\/lucas%20backup\/CURSOS%20y%20PSICOP\/Difusi%C3%B3n\/2012\/cursos@ffyh.unc.edu.ar\">cursos@ffyh.unc.edu.ar<\/a><\/p>\n","protected":false},"excerpt":{"rendered":"<p>Prof\u00aa. Dr\u00aa. Maria Isabel da Cunha &#8211;\u00a021 al 24 de mayo de 2013<\/p>\n","protected":false},"author":5,"featured_media":0,"comment_status":"closed","ping_status":"closed","sticky":false,"template":"","format":"standard","meta":{"_acf_changed":false,"colormag_page_container_layout":"default_layout","colormag_page_sidebar_layout":"default_layout","_jetpack_memberships_contains_paid_content":false,"footnotes":""},"categories":[4],"tags":[17,18,23],"class_list":["post-2847","post","type-post","status-publish","format-standard","hentry","category-noticias","tag-cursos-de-posgrado","tag-cursos-para-doctorandos","tag-doctorado-en-ciencias-de-la-educacion"],"acf":[],"jetpack_featured_media_url":"","jetpack_sharing_enabled":true,"_links":{"self":[{"href":"https:\/\/ffyh.unc.edu.ar\/posgrado\/wp-json\/wp\/v2\/posts\/2847","targetHints":{"allow":["GET"]}}],"collection":[{"href":"https:\/\/ffyh.unc.edu.ar\/posgrado\/wp-json\/wp\/v2\/posts"}],"about":[{"href":"https:\/\/ffyh.unc.edu.ar\/posgrado\/wp-json\/wp\/v2\/types\/post"}],"author":[{"embeddable":true,"href":"https:\/\/ffyh.unc.edu.ar\/posgrado\/wp-json\/wp\/v2\/users\/5"}],"replies":[{"embeddable":true,"href":"https:\/\/ffyh.unc.edu.ar\/posgrado\/wp-json\/wp\/v2\/comments?post=2847"}],"version-history":[{"count":0,"href":"https:\/\/ffyh.unc.edu.ar\/posgrado\/wp-json\/wp\/v2\/posts\/2847\/revisions"}],"wp:attachment":[{"href":"https:\/\/ffyh.unc.edu.ar\/posgrado\/wp-json\/wp\/v2\/media?parent=2847"}],"wp:term":[{"taxonomy":"category","embeddable":true,"href":"https:\/\/ffyh.unc.edu.ar\/posgrado\/wp-json\/wp\/v2\/categories?post=2847"},{"taxonomy":"post_tag","embeddable":true,"href":"https:\/\/ffyh.unc.edu.ar\/posgrado\/wp-json\/wp\/v2\/tags?post=2847"}],"curies":[{"name":"wp","href":"https:\/\/api.w.org\/{rel}","templated":true}]}}