{"id":2963,"date":"2013-07-08T13:07:22","date_gmt":"2013-07-08T13:07:22","guid":{"rendered":"http:\/\/www.ffyh.unc.edu.ar\/posgrado\/?p=2963"},"modified":"2013-07-08T13:07:22","modified_gmt":"2013-07-08T13:07:22","slug":"programa-de-posgrado-perspectivas-y-problemas-de-investigacion-en-la-construccion-del-conocimiento-historico","status":"publish","type":"post","link":"https:\/\/ffyh.unc.edu.ar\/posgrado\/2013\/07\/08\/programa-de-posgrado-perspectivas-y-problemas-de-investigacion-en-la-construccion-del-conocimiento-historico\/","title":{"rendered":"Programa de Posgrado \u201cPerspectivas y problemas de investigaci\u00f3n en la construcci\u00f3n del conocimiento hist\u00f3rico\u201d"},"content":{"rendered":"<p>La Secretar\u00eda de Posgrado de la Facultad de Filosof\u00eda y Humanidades de la UNC informa que se encuentran abiertas las inscripciones para el programa \u201c<strong>Perspectivas y problemas de investigaci\u00f3n en la construcci\u00f3n del conocimiento hist\u00f3rico<\/strong>\u201d, coordinado por la Dra. Gabriela Olivera, que iniciar\u00e1 el\u00a0<strong>9 de agosto de 2013<\/strong>.<!--more--><\/p>\n<p>El objetivo de este Programa de Posgrado gratuito es brindar, como oferta anual del Doctorado en Historia, un panorama general acerca de las perspectivas y los problemas de investigaci\u00f3n que se ubican dentro del campo historiogr\u00e1fico, adem\u00e1s de abrir un espacio de intercambio entre investigadores y estudiantes de posgrado y doctorandos que posibilite una puesta en com\u00fan de las estrategias te\u00f3rico-metodol\u00f3gicas desplegadas en la realizaci\u00f3n de una Tesis Doctoral.<br \/>\nLa duraci\u00f3n ser\u00e1 de un a\u00f1o e inicia el 9 de agosto. Los alumnos pueden elegir realizar la totalidad o solo alguno\/s de los cursos del programa.<strong><\/strong><\/p>\n<p><strong>Cursos que inician en el Segundo Cuatrimestre de 2013:<\/strong><\/p>\n<table width=\"681\" border=\"1\" cellspacing=\"0\" cellpadding=\"0\" align=\"left\">\n<tbody>\n<tr>\n<td valign=\"top\" width=\"512\"><strong><em>T\u00edtulo del curso<\/em><\/strong><\/td>\n<td valign=\"top\" width=\"157\"><strong><em>Profesor a cargo<\/em><\/strong><\/td>\n<td valign=\"top\" width=\"4\"><\/td>\n<\/tr>\n<tr>\n<td valign=\"top\" width=\"512\"><em>La construcci\u00f3n del conocimiento hist\u00f3rico<\/em><\/td>\n<td valign=\"top\" width=\"157\"><em>Dra. Marta Philp<\/em><\/td>\n<td valign=\"top\"><\/td>\n<\/tr>\n<tr>\n<td colspan=\"3\" valign=\"top\"><strong>\u00a0MIRADAS TE\u00d3RICO-METODOL\u00d3GICAS\u00a0 SOBRE LA POL\u00cdTICA<\/strong><\/td>\n<\/tr>\n<tr>\n<td valign=\"top\" width=\"512\"><em>El vocabulario moderno de la pol\u00edtica: cuestiones te\u00f3rico-metodol\u00f3gicas.<\/em><\/td>\n<td valign=\"top\" width=\"157\"><em>Mgter. Mario F. Navarro<\/em><\/td>\n<td valign=\"top\"><\/td>\n<\/tr>\n<tr>\n<td valign=\"top\" width=\"512\"><em>Elementos conceptuales para indagar al \u201cEstado\u201d<\/em><strong><\/strong><\/td>\n<td valign=\"top\" width=\"157\"><em>Dra. Mar\u00eda G. Lugones<\/em><\/td>\n<td valign=\"top\"><\/td>\n<\/tr>\n<tr>\n<td colspan=\"3\" valign=\"top\"><strong>MIRADAS DESDE LA HISTORIA SOCIO-CULTURAL<\/strong><\/td>\n<\/tr>\n<tr>\n<td valign=\"top\" width=\"512\">Juego de escalas. Cuestiones de \u00a0historia social y cultural<\/td>\n<td valign=\"top\" width=\"157\">Dra. Ana Clarisa Ag\u00fcero<\/td>\n<td valign=\"top\"><\/td>\n<\/tr>\n<tr>\n<td valign=\"top\" width=\"512\"><em>Una aproximaci\u00f3n hist\u00f3rica y antropol\u00f3gica al concepto de cultura<\/em><\/td>\n<td valign=\"top\" width=\"157\"><em>Dr. Carlos Eduardo Mart\u00ednez<\/em><\/td>\n<td valign=\"top\"><\/td>\n<\/tr>\n<tr>\n<td colspan=\"3\" valign=\"top\"><strong>EXPERIENCIAS DE INVESTIGACI\u00d3N SOBRE SIGLO XX<\/strong><\/td>\n<\/tr>\n<tr>\n<td valign=\"top\" width=\"512\"><em>Las migraciones internacionales al debate: problemas de investigaci\u00f3n y desaf\u00edos te\u00f3rico-metodol\u00f3gicos.<\/em><\/td>\n<td valign=\"top\" width=\"157\"><em>Dra. Mar\u00eda Jos\u00e9 Magliano<\/em><\/td>\n<td valign=\"top\"><\/td>\n<\/tr>\n<\/tbody>\n<\/table>\n<p>&nbsp;<\/p>\n<p><strong>M\u00e1s informaci\u00f3n<\/strong> (Cronograma e inscripci\u00f3n): \u00a0<strong><a href=\"http:\/\/www.ffyh.unc.edu.ar\/posgrado\/programas-de-posgrado\/programa-de-posgrado-en-historia\/\" target=\"_blank\">ingresar<\/a><\/strong><\/p>\n<p><strong>Consultas<\/strong>:\u00a0<a href=\"http:\/\/www.ffyh.unc.edu.ar\/posgrado\/2013\/07\/cursos-de-posgrado-inician-en-agosto-2013\/cursos@ffyh.unc.edu.ar\" target=\"_blank\">cursos@ffyh.unc.edu.ar<\/a><\/p>\n<p>&nbsp;<\/p>\n","protected":false},"excerpt":{"rendered":"<p>La Secretar\u00eda de Posgrado de la Facultad de Filosof\u00eda y Humanidades de la UNC informa que se encuentran abiertas las<\/p>\n","protected":false},"author":5,"featured_media":0,"comment_status":"closed","ping_status":"closed","sticky":false,"template":"","format":"standard","meta":{"_acf_changed":false,"colormag_page_container_layout":"default_layout","colormag_page_sidebar_layout":"default_layout","_jetpack_memberships_contains_paid_content":false,"footnotes":""},"categories":[4],"tags":[14,17,28,54],"class_list":["post-2963","post","type-post","status-publish","format-standard","hentry","category-noticias","tag-curso-de-doctorado","tag-cursos-de-posgrado","tag-doctorado-en-historia","tag-programa-posgrado-historia-2013-2014"],"acf":[],"jetpack_featured_media_url":"","jetpack_sharing_enabled":true,"_links":{"self":[{"href":"https:\/\/ffyh.unc.edu.ar\/posgrado\/wp-json\/wp\/v2\/posts\/2963","targetHints":{"allow":["GET"]}}],"collection":[{"href":"https:\/\/ffyh.unc.edu.ar\/posgrado\/wp-json\/wp\/v2\/posts"}],"about":[{"href":"https:\/\/ffyh.unc.edu.ar\/posgrado\/wp-json\/wp\/v2\/types\/post"}],"author":[{"embeddable":true,"href":"https:\/\/ffyh.unc.edu.ar\/posgrado\/wp-json\/wp\/v2\/users\/5"}],"replies":[{"embeddable":true,"href":"https:\/\/ffyh.unc.edu.ar\/posgrado\/wp-json\/wp\/v2\/comments?post=2963"}],"version-history":[{"count":0,"href":"https:\/\/ffyh.unc.edu.ar\/posgrado\/wp-json\/wp\/v2\/posts\/2963\/revisions"}],"wp:attachment":[{"href":"https:\/\/ffyh.unc.edu.ar\/posgrado\/wp-json\/wp\/v2\/media?parent=2963"}],"wp:term":[{"taxonomy":"category","embeddable":true,"href":"https:\/\/ffyh.unc.edu.ar\/posgrado\/wp-json\/wp\/v2\/categories?post=2963"},{"taxonomy":"post_tag","embeddable":true,"href":"https:\/\/ffyh.unc.edu.ar\/posgrado\/wp-json\/wp\/v2\/tags?post=2963"}],"curies":[{"name":"wp","href":"https:\/\/api.w.org\/{rel}","templated":true}]}}