{"id":3126,"date":"2013-08-14T19:30:52","date_gmt":"2013-08-14T19:30:52","guid":{"rendered":"http:\/\/www.ffyh.unc.edu.ar\/posgrado\/?p=3126"},"modified":"2013-08-14T19:30:52","modified_gmt":"2013-08-14T19:30:52","slug":"conferencia-cantidades-imaginarias-segun-jean-robert-argand1768-1822-entre-realizacion-geometrica-y-existencia-algebraica","status":"publish","type":"post","link":"https:\/\/ffyh.unc.edu.ar\/posgrado\/2013\/08\/14\/conferencia-cantidades-imaginarias-segun-jean-robert-argand1768-1822-entre-realizacion-geometrica-y-existencia-algebraica\/","title":{"rendered":"Conferencia: \u201cCantidades imaginarias seg\u00fan Jean-Robert Argand(1768-1822). Entre realizaci\u00f3n geom\u00e9trica y existencia algebraica\u201d"},"content":{"rendered":"<p style=\"text-align: left\" align=\"center\"><b>Prof.\u00a0Dominique Flament &#8211; \u00a0<b>29 de agosto 2013<!--more--><\/b><\/b><\/p>\n<p style=\"text-align: left\" align=\"center\"><b>Inscripciones:\u00a0<a href=\"https:\/\/docs.google.com\/a\/ffyh.unc.edu.ar\/spreadsheet\/viewform?formkey=dDkyVWsxRjBPa3FUTENlTVYxVlFFVFE6MA\" target=\"_blank\">completar formulario<\/a><\/b><\/p>\n<p align=\"center\"><b>Conferencia<\/b><\/p>\n<div align=\"center\">\n<hr align=\"center\" size=\"2\" width=\"100%\" \/>\n<\/div>\n<p align=\"center\"><b><i>\u201c<\/i><\/b><b><i>Cantidades imaginarias seg\u00fan Jean-Robert Argand(1768-1822). Entre realizaci\u00f3n geom\u00e9trica y existencia algebraica\u201d<\/i><\/b><b><i><\/i><\/b><\/p>\n<p align=\"center\"><b><i>\u00a0<\/i><\/b><\/p>\n<p align=\"center\"><b><i>Prof.\u00a0Dominique Flament<br \/>\n<\/i><\/b><i>Fondation Maison\u00a0des Sciences de l&#8217;Homme (FMSH)<\/i>, Paris, y del \u00a0<i>Laboratoire d\u2019Histoire des Sciences et de Philosophie \u2013\u00a0Archives Henri Poincar\u00e9, Universit\u00e9 de Lorraine,\u00a0<\/i>Nancy, Francia<i>.<\/i><\/p>\n<p>De hecho, la cantidad imaginaria o imposible est\u00e1 dotada de una forma can\u00f3nica, se encuentra su presunta realizaci\u00f3n geom\u00e9trica. Pero, mientras tanto, descubrimos que no todo est\u00e1 dicho en este mundo matem\u00e1tico que yuxtaponer resultados contradictorios que nadie puede decidir sin cuestionar las pr\u00e1cticas que han demostrado su eficacia. Mientras que la perfecci\u00f3n euclidiana es socavada, la figuraci\u00f3n geom\u00e9trica no es m\u00e1s una realizaci\u00f3n, sino una mera representaci\u00f3n geom\u00e9trica. Nuestra entidad en cuesti\u00f3n resiste a figuraciones geom\u00e9tricas, que se abren como tantos c\u00e1lculos, y se requiere para su existencia un exclusiva aritm\u00e9tica-algebraica que libera de singular manera el n\u00famero complejo.<\/p>\n<p>En este rico contexto, nos interesa en particular el trabajo del suizo Jean-Robert Argand, matem\u00e1tico de \u00absegundo nivel\u00bb (para usar aqu\u00ed un t\u00e9rmino un tanto peyorativo usado por Cauchy) que va allanar el camino para los n\u00fameros complejos.<\/p>\n<p>&nbsp;<\/p>\n<div align=\"center\">\n<hr align=\"center\" size=\"2\" width=\"100%\" \/>\n<\/div>\n<p align=\"center\">\u00a0<b><span style=\"text-decoration: underline\">D\u00edas, horarios y lugar<\/span><\/b><\/p>\n<p align=\"center\"><b>29 de agosto 2013 \u2013 16:30hs<\/b><\/p>\n<p align=\"center\"><b>Aula Magna &#8211; FAMAF<\/b><\/p>\n<p align=\"center\">(Av. Medina Allende s\/n \u2013 Cdad. Universitaria)<\/p>\n<div align=\"center\">\n<hr align=\"center\" size=\"2\" width=\"100%\" \/>\n<\/div>\n<p align=\"center\"><b><span style=\"text-decoration: underline\">Organizan:<\/span><\/b><\/p>\n<p>Dicha actividad se desarrolla en el marco del Centro de Investigaci\u00f3n y Estudios de Matem\u00e1tica de C\u00f3rdoba (CIEM) de la Facultad de Matem\u00e1tica, Astronom\u00eda y F\u00edsica (UNC) y Curso de Posgrado \u201cElementos para una historia de los n\u00fameros complejos\u201d de la Facultad de Filosof\u00eda y Humanidades (UNC)<b>\u00a0<\/b><\/p>\n<p align=\"center\"><b><span style=\"text-decoration: underline\">Gratuito<br \/>\nInscripciones:\u00a0<a href=\"https:\/\/docs.google.com\/a\/ffyh.unc.edu.ar\/spreadsheet\/viewform?formkey=dDkyVWsxRjBPa3FUTENlTVYxVlFFVFE6MA\" target=\"_blank\">completar formulario<\/a><\/span><\/b><\/p>\n<p align=\"center\">&#8230;&#8230;..<\/p>\n<p align=\"center\"><b>Consultas:<\/b>\u00a0<a href=\"mailto:cursos@ffyh.unc.edu.ar\" target=\"_blank\">cursos@ffyh.unc.edu.ar<\/a><\/p>\n","protected":false},"excerpt":{"rendered":"<p>Prof.\u00a0Dominique Flament &#8211; \u00a029 de agosto 2013<\/p>\n","protected":false},"author":5,"featured_media":0,"comment_status":"closed","ping_status":"closed","sticky":false,"template":"","format":"standard","meta":{"_acf_changed":false,"colormag_page_container_layout":"default_layout","colormag_page_sidebar_layout":"default_layout","_jetpack_memberships_contains_paid_content":false,"footnotes":""},"categories":[4],"tags":[10,17],"class_list":["post-3126","post","type-post","status-publish","format-standard","hentry","category-noticias","tag-conferencias","tag-cursos-de-posgrado"],"acf":[],"jetpack_featured_media_url":"","jetpack_sharing_enabled":true,"_links":{"self":[{"href":"https:\/\/ffyh.unc.edu.ar\/posgrado\/wp-json\/wp\/v2\/posts\/3126","targetHints":{"allow":["GET"]}}],"collection":[{"href":"https:\/\/ffyh.unc.edu.ar\/posgrado\/wp-json\/wp\/v2\/posts"}],"about":[{"href":"https:\/\/ffyh.unc.edu.ar\/posgrado\/wp-json\/wp\/v2\/types\/post"}],"author":[{"embeddable":true,"href":"https:\/\/ffyh.unc.edu.ar\/posgrado\/wp-json\/wp\/v2\/users\/5"}],"replies":[{"embeddable":true,"href":"https:\/\/ffyh.unc.edu.ar\/posgrado\/wp-json\/wp\/v2\/comments?post=3126"}],"version-history":[{"count":0,"href":"https:\/\/ffyh.unc.edu.ar\/posgrado\/wp-json\/wp\/v2\/posts\/3126\/revisions"}],"wp:attachment":[{"href":"https:\/\/ffyh.unc.edu.ar\/posgrado\/wp-json\/wp\/v2\/media?parent=3126"}],"wp:term":[{"taxonomy":"category","embeddable":true,"href":"https:\/\/ffyh.unc.edu.ar\/posgrado\/wp-json\/wp\/v2\/categories?post=3126"},{"taxonomy":"post_tag","embeddable":true,"href":"https:\/\/ffyh.unc.edu.ar\/posgrado\/wp-json\/wp\/v2\/tags?post=3126"}],"curies":[{"name":"wp","href":"https:\/\/api.w.org\/{rel}","templated":true}]}}