{"id":3168,"date":"2013-10-30T19:32:55","date_gmt":"2013-10-30T19:32:55","guid":{"rendered":"http:\/\/www.ffyh.unc.edu.ar\/posgrado\/?p=3168"},"modified":"2013-10-30T19:32:55","modified_gmt":"2013-10-30T19:32:55","slug":"modulo-de-posgrado-una-aproximacion-historica-y-antropologica-al-concepto-de-cultura","status":"publish","type":"post","link":"https:\/\/ffyh.unc.edu.ar\/posgrado\/2013\/10\/30\/modulo-de-posgrado-una-aproximacion-historica-y-antropologica-al-concepto-de-cultura\/","title":{"rendered":"M\u00f3dulo de Posgrado  \u201cUna aproximaci\u00f3n hist\u00f3rica y antropol\u00f3gica al concepto de cultura\u201d"},"content":{"rendered":"<p style=\"text-align: left\" align=\"center\">Dr. Carlos Eduardo Mart\u00ednez<strong><span style=\"color: #000000\"> &#8211; <\/span><span style=\"color: #ff0000\"><span style=\"color: #000000\">Inicia: 1\u00ba de noviembre de 2013<\/span><\/span><\/strong><b><!--more--><\/b><\/p>\n<p style=\"text-align: left\" align=\"center\"><b>INSCRIPCI\u00d3N:<\/b>\u00a0<a href=\"https:\/\/docs.google.com\/a\/ffyh.unc.edu.ar\/spreadsheet\/viewform?formkey=dFRQV3plVmNOR3dNRGNZb2lvV25aU1E6MA\" target=\"_blank\">completar formulario<\/a><\/p>\n<p align=\"center\"><b><i>Programa de Posgrado Perspectivas y Problemas de Investigaci\u00f3n en la Construcci\u00f3n del Conocimiento Hist\u00f3rico<\/i><\/b><b><i>, organiza<\/i><\/b><\/p>\n<div align=\"center\">\n<hr align=\"center\" size=\"2\" width=\"100%\" \/>\n<\/div>\n<p align=\"center\"><b><i>M\u00f3dulo de Posgrado<\/i><\/b><b><i><\/i><\/b><\/p>\n<p align=\"center\"><b><i>\u00a0\u201c<\/i><\/b><b><i>Una aproximaci\u00f3n hist\u00f3rica y antropol\u00f3gica al concepto de cultura\u201d<\/i><\/b><\/p>\n<p>&nbsp;<\/p>\n<p align=\"center\"><b><i>Dr. Carlos Eduardo Mart\u00ednez<\/i><\/b><\/p>\n<p>La intenci\u00f3n del presente seminario es discutir y problematizar el concepto de cultura. Este concepto que forma parte del bagaje principal de la teor\u00eda antropol\u00f3gica necesita ser visto desde su construcci\u00f3n hist\u00f3rica como concepto explicativo.<\/p>\n<p>Creemos en este sentido que la problematizaci\u00f3n del concepto de cultura puede ayudar a los historiadores a tener una visi\u00f3n espec\u00edfica de c\u00f3mo afectan la llamadas problem\u00e1tica culturales al desarrollo de la historia. No es nuestra intenci\u00f3n hacer una historia cultural\u00a0 sino acercar conceptos, reflexiones, aportes te\u00f3ricos que desde el campo antropol\u00f3gico y filos\u00f3fico\u00a0 puedan entroncarse con la mirada hist\u00f3rica<\/p>\n<p>Dentro de un contexto socioecon\u00f3mico general global de fuertes entrecruzamientos, sociales, econ\u00f3micos y pol\u00edticos se han disparado debates e interrogantes pasibles de ser pensados a trav\u00e9s de las conceptualizaciones te\u00f3ricas que desde un marco antropol\u00f3gico se entrecruzan con la historia.<\/p>\n<p><b>Programa:<\/b>\u00a0<a href=\"http:\/\/www.ffyh.unc.edu.ar\/posgrado\/wp-content\/uploads\/2013\/07\/Mart%C3%ADnez.doc\" target=\"_blank\">consultar<\/a><a href=\"http:\/\/www.ffyh.unc.edu.ar\/posgrado\"><br \/>\n<\/a><\/p>\n<div align=\"center\">\n<hr align=\"center\" size=\"2\" width=\"100%\" \/>\n<\/div>\n<p align=\"center\">\u00a0<b><span style=\"text-decoration: underline\">D\u00edas, horarios y lugar<\/span><\/b><\/p>\n<p align=\"center\"><b>Noviembre 2013<\/b><\/p>\n<p align=\"center\">Vie 1\/11 17 a 20hs<br \/>\nS\u00e1b 2\/11 10 a 13hs<br \/>\nVie 8\/11 18 a 20hs<br \/>\nS\u00e1b 9\/11 10 a 13hs<br \/>\nS\u00e1b 16\/11 10 a 13hs<br \/>\nS\u00e1b 23\/11 10 a 13hs<br \/>\nS\u00e1b 30\/11 10 a 13hs<b><\/b><\/p>\n<p align=\"center\"><b>D\u00edas viernes: Pabell\u00f3n Residencial\u00a0 &#8211; D\u00edas s\u00e1bados: Aula 10 Casa Verde<\/b><\/p>\n<p align=\"center\"><b>&#8230;&#8230;..<\/b><b><\/b><\/p>\n<p align=\"center\"><b>Carga horaria: 20hs.<\/b><\/p>\n<div align=\"center\">\n<hr align=\"center\" size=\"2\" width=\"100%\" \/>\n<\/div>\n<p align=\"center\"><b><span style=\"text-decoration: underline\">Arancel<\/span><\/b><br \/>\nGratuito para egresados de la Escuela de Historia, Docentes y Adscriptos de la FFyH, Doctorandos de la FFyH.<br \/>\nOtros inscriptos: $250<\/p>\n<p align=\"center\"><b>Destinatarios:<\/b> alumnos de la carrera del Doctorado en Historia de la FFyH-UNC y de otras universidades del pa\u00eds; egresados recientes de carreras de grado<\/p>\n<p align=\"center\">&#8230;&#8230;..<\/p>\n<p align=\"center\"><strong>INSCRIPCI\u00d3N:\u00a0<\/strong><a href=\"http:\/\/www.ffyh.unc.edu.ar\/posgrado\"><br \/>\n<\/a><\/p>\n<p align=\"center\"><strong>Consultas: <a href=\"cursos@ffyh.unc.edu.ar\" target=\"_blank\">cursos@ffyh.unc.edu.ar<\/a><\/strong><a href=\"mailto:mapeffyh@gmail.com\"><br \/>\n<\/a><\/p>\n","protected":false},"excerpt":{"rendered":"<p>Dr. Carlos Eduardo Mart\u00ednez &#8211; Inicia: 1\u00ba de noviembre de 2013<\/p>\n","protected":false},"author":5,"featured_media":0,"comment_status":"closed","ping_status":"closed","sticky":false,"template":"","format":"standard","meta":{"_acf_changed":false,"colormag_page_container_layout":"default_layout","colormag_page_sidebar_layout":"default_layout","_jetpack_memberships_contains_paid_content":false,"footnotes":""},"categories":[4],"tags":[17,28,54],"class_list":["post-3168","post","type-post","status-publish","format-standard","hentry","category-noticias","tag-cursos-de-posgrado","tag-doctorado-en-historia","tag-programa-posgrado-historia-2013-2014"],"acf":[],"jetpack_featured_media_url":"","jetpack_sharing_enabled":true,"_links":{"self":[{"href":"https:\/\/ffyh.unc.edu.ar\/posgrado\/wp-json\/wp\/v2\/posts\/3168","targetHints":{"allow":["GET"]}}],"collection":[{"href":"https:\/\/ffyh.unc.edu.ar\/posgrado\/wp-json\/wp\/v2\/posts"}],"about":[{"href":"https:\/\/ffyh.unc.edu.ar\/posgrado\/wp-json\/wp\/v2\/types\/post"}],"author":[{"embeddable":true,"href":"https:\/\/ffyh.unc.edu.ar\/posgrado\/wp-json\/wp\/v2\/users\/5"}],"replies":[{"embeddable":true,"href":"https:\/\/ffyh.unc.edu.ar\/posgrado\/wp-json\/wp\/v2\/comments?post=3168"}],"version-history":[{"count":0,"href":"https:\/\/ffyh.unc.edu.ar\/posgrado\/wp-json\/wp\/v2\/posts\/3168\/revisions"}],"wp:attachment":[{"href":"https:\/\/ffyh.unc.edu.ar\/posgrado\/wp-json\/wp\/v2\/media?parent=3168"}],"wp:term":[{"taxonomy":"category","embeddable":true,"href":"https:\/\/ffyh.unc.edu.ar\/posgrado\/wp-json\/wp\/v2\/categories?post=3168"},{"taxonomy":"post_tag","embeddable":true,"href":"https:\/\/ffyh.unc.edu.ar\/posgrado\/wp-json\/wp\/v2\/tags?post=3168"}],"curies":[{"name":"wp","href":"https:\/\/api.w.org\/{rel}","templated":true}]}}