{"id":3715,"date":"2014-04-25T20:18:31","date_gmt":"2014-04-25T20:18:31","guid":{"rendered":"http:\/\/www.ffyh.unc.edu.ar\/posgrado\/?p=3715"},"modified":"2014-04-25T20:18:31","modified_gmt":"2014-04-25T20:18:31","slug":"defensa-de-tesis-doctorado-en-filosofia-3","status":"publish","type":"post","link":"https:\/\/ffyh.unc.edu.ar\/posgrado\/2014\/04\/25\/defensa-de-tesis-doctorado-en-filosofia-3\/","title":{"rendered":"Defensa de Tesis &#8211; Doctorado en Filosof\u00eda"},"content":{"rendered":"<p style=\"text-align: left\" align=\"right\">\u00a0<b><i>Licenciada Beatriz<\/i><\/b><b><i>\u00a0Andrea Pac &#8211; 30 de abril de 2014<!--more--><\/i><\/b><\/p>\n<p>La Secretar\u00eda de Postgrado informa que la <b><i>Licenciada Beatriz<\/i><\/b><b><i> \u00a0Andrea Pac <\/i><\/b>defender\u00e1 su Tesis de <b><i>Doctorado en Filosof\u00eda,<\/i><\/b> titulada <b><i>\u201cEl ingenium en la filosof\u00eda de Spinoza: una perspectiva realista para pensar la multiplicidad en la sociedad pol\u00edtica\u201d.- <\/i><\/b>\u00a0La direcci\u00f3n del trabajo estuvo a cargo del <b><i>Profesor Doctor Sebasti\u00e1n Torres Casta\u00f1os. <\/i><\/b>Actuar\u00e1n como Jurados los Profesores <b><i>Doctor Fernando Bahr, Doctor Carlos Balzi y la Doctora Miriam Van Reijen.<\/i><\/b>&#8211;\u00a0 La defensa tendr\u00e1 lugar el <b><i>d\u00eda Mi\u00e9rcoles 30 de Abril de 2014, a las 10<\/i><\/b> <b><i>horas,<\/i><\/b> en Sala \u201cLuly Horenstein\u201d de Postgrado de la Facultad de Filosof\u00eda y Humanidades.\u00a0 \u00a0<b><i><\/i><\/b><\/p>\n","protected":false},"excerpt":{"rendered":"<p>\u00a0Licenciada Beatriz\u00a0Andrea Pac &#8211; 30 de abril de 2014<\/p>\n","protected":false},"author":5,"featured_media":0,"comment_status":"closed","ping_status":"closed","sticky":false,"template":"","format":"standard","meta":{"_acf_changed":false,"colormag_page_container_layout":"default_layout","colormag_page_sidebar_layout":"default_layout","_jetpack_memberships_contains_paid_content":false,"footnotes":""},"categories":[4],"tags":[20],"class_list":["post-3715","post","type-post","status-publish","format-standard","hentry","category-noticias","tag-defensa-de-tesis-doctoral"],"acf":[],"jetpack_featured_media_url":"","jetpack_sharing_enabled":true,"_links":{"self":[{"href":"https:\/\/ffyh.unc.edu.ar\/posgrado\/wp-json\/wp\/v2\/posts\/3715","targetHints":{"allow":["GET"]}}],"collection":[{"href":"https:\/\/ffyh.unc.edu.ar\/posgrado\/wp-json\/wp\/v2\/posts"}],"about":[{"href":"https:\/\/ffyh.unc.edu.ar\/posgrado\/wp-json\/wp\/v2\/types\/post"}],"author":[{"embeddable":true,"href":"https:\/\/ffyh.unc.edu.ar\/posgrado\/wp-json\/wp\/v2\/users\/5"}],"replies":[{"embeddable":true,"href":"https:\/\/ffyh.unc.edu.ar\/posgrado\/wp-json\/wp\/v2\/comments?post=3715"}],"version-history":[{"count":0,"href":"https:\/\/ffyh.unc.edu.ar\/posgrado\/wp-json\/wp\/v2\/posts\/3715\/revisions"}],"wp:attachment":[{"href":"https:\/\/ffyh.unc.edu.ar\/posgrado\/wp-json\/wp\/v2\/media?parent=3715"}],"wp:term":[{"taxonomy":"category","embeddable":true,"href":"https:\/\/ffyh.unc.edu.ar\/posgrado\/wp-json\/wp\/v2\/categories?post=3715"},{"taxonomy":"post_tag","embeddable":true,"href":"https:\/\/ffyh.unc.edu.ar\/posgrado\/wp-json\/wp\/v2\/tags?post=3715"}],"curies":[{"name":"wp","href":"https:\/\/api.w.org\/{rel}","templated":true}]}}