{"id":3719,"date":"2014-04-29T19:22:37","date_gmt":"2014-04-29T19:22:37","guid":{"rendered":"http:\/\/www.ffyh.unc.edu.ar\/posgrado\/?p=3719"},"modified":"2014-04-29T19:22:37","modified_gmt":"2014-04-29T19:22:37","slug":"modulo-de-posgrado-politica-educativa-sistema-educativo-institucion-y-curriculo-2","status":"publish","type":"post","link":"https:\/\/ffyh.unc.edu.ar\/posgrado\/2014\/04\/29\/modulo-de-posgrado-politica-educativa-sistema-educativo-institucion-y-curriculo-2\/","title":{"rendered":"M\u00f3dulo de Posgrado:  \u00abPol\u00edtica Educativa: Sistema educativo, instituci\u00f3n y curr\u00edculo.\u00bb"},"content":{"rendered":"<div>\n<p style=\"text-align: left\" align=\"right\"><b>Lic. Alicia Carranza y\u00a0<\/b><b>Mgter. Nora Alterman &#8211; Inicia 8 de mayo de 2014<!--more--><\/b><\/p>\n<p align=\"center\"><b>Especializaci\u00f3n en la Ense\u00f1anza de la\u00a0<\/b><\/p>\n<p align=\"center\"><b>Lengua y de la Literatura\u00a0organiza:<\/b><\/p>\n<div align=\"center\">\n<hr align=\"center\" size=\"2\" width=\"100%\" \/>\n<\/div>\n<p align=\"center\"><b>M\u00f3dulo:<br \/>\n<\/b><\/p>\n<p align=\"center\"><b>\u00ab<span style=\"color: #000080\">Pol\u00edtica Educativa: Sistema educativo, instituci\u00f3n y curr\u00edculo.<\/span><\/b><b>\u00bb \u00a0<\/b><\/p>\n<p align=\"center\">\u00a0Lic. Alicia Carranza-\u00a0Mgter. Nora Alterman<\/p>\n<p><small><small><small><small><small><small><b><\/b><\/small><\/small><b><small><\/small><\/b><\/small><\/small><\/small><\/small><\/p>\n<div align=\"center\">\n<hr align=\"center\" size=\"2\" width=\"100%\" \/>\n<\/div>\n<p style=\"text-align: center\"><b>D\u00edas, horarios y lugar de dictado:<\/b><\/p>\n<p align=\"center\">Jueves 08\/05:\u00a0 14 a 20 hs &#8211; Sala D, Pab. Residencial<\/p>\n<p align=\"center\">Viernes 09\/05: 9 a 20 hs &#8211; Sala D, Pab. Residencial<\/p>\n<p align=\"center\">S\u00e1bado 10\/05: 9 a 16 hs &#8211; Aula 11, Casa Verde<\/p>\n<p align=\"justify\"><b>\u00a0<\/b><\/p>\n<div align=\"justify\">\n<p style=\"text-align: center\" align=\"justify\"><b>Costo: $400<\/b><\/p>\n<\/div>\n<\/div>\n<p align=\"center\"><span style=\"font-family: arial, helvetica, sans-serif\"><small>ALUMNOS EXTERNOS a la Esp. en la Ense\u00f1anza de la Lengua y la Litertura INSCRIBIRSE en el siguiente enlace:<\/small>\u00a0<\/span><\/p>\n<p align=\"center\"><span style=\"font-family: arial, helvetica, sans-serif\"><a href=\"http:\/\/goo.gl\/Lxf5un\" target=\"_blank\">http:\/\/goo.gl\/Lxf5un<\/a><\/span><\/p>\n<p align=\"center\">\n<p>Consultas:<b><span style=\"font-size: large\">\u00a0<a href=\"mailto:esplite@gmail.com\" target=\"_blank\">esplite@gmail.com<\/a><\/span><\/b><\/p>\n","protected":false},"excerpt":{"rendered":"<p>Lic. Alicia Carranza y\u00a0Mgter. Nora Alterman &#8211; Inicia 8 de mayo de 2014<\/p>\n","protected":false},"author":5,"featured_media":0,"comment_status":"closed","ping_status":"closed","sticky":false,"template":"","format":"standard","meta":{"_acf_changed":false,"colormag_page_container_layout":"default_layout","colormag_page_sidebar_layout":"default_layout","_jetpack_memberships_contains_paid_content":false,"footnotes":""},"categories":[4],"tags":[36],"class_list":["post-3719","post","type-post","status-publish","format-standard","hentry","category-noticias","tag-especializacion-en-la-ensenanza-de-la-lengua-y-la-literatura"],"acf":[],"jetpack_featured_media_url":"","jetpack_sharing_enabled":true,"_links":{"self":[{"href":"https:\/\/ffyh.unc.edu.ar\/posgrado\/wp-json\/wp\/v2\/posts\/3719","targetHints":{"allow":["GET"]}}],"collection":[{"href":"https:\/\/ffyh.unc.edu.ar\/posgrado\/wp-json\/wp\/v2\/posts"}],"about":[{"href":"https:\/\/ffyh.unc.edu.ar\/posgrado\/wp-json\/wp\/v2\/types\/post"}],"author":[{"embeddable":true,"href":"https:\/\/ffyh.unc.edu.ar\/posgrado\/wp-json\/wp\/v2\/users\/5"}],"replies":[{"embeddable":true,"href":"https:\/\/ffyh.unc.edu.ar\/posgrado\/wp-json\/wp\/v2\/comments?post=3719"}],"version-history":[{"count":0,"href":"https:\/\/ffyh.unc.edu.ar\/posgrado\/wp-json\/wp\/v2\/posts\/3719\/revisions"}],"wp:attachment":[{"href":"https:\/\/ffyh.unc.edu.ar\/posgrado\/wp-json\/wp\/v2\/media?parent=3719"}],"wp:term":[{"taxonomy":"category","embeddable":true,"href":"https:\/\/ffyh.unc.edu.ar\/posgrado\/wp-json\/wp\/v2\/categories?post=3719"},{"taxonomy":"post_tag","embeddable":true,"href":"https:\/\/ffyh.unc.edu.ar\/posgrado\/wp-json\/wp\/v2\/tags?post=3719"}],"curies":[{"name":"wp","href":"https:\/\/api.w.org\/{rel}","templated":true}]}}