{"id":3804,"date":"2014-07-15T21:26:57","date_gmt":"2014-07-15T21:26:57","guid":{"rendered":"http:\/\/www.ffyh.unc.edu.ar\/posgrado\/?p=3804"},"modified":"2014-07-15T21:26:57","modified_gmt":"2014-07-15T21:26:57","slug":"curso-de-posgrado-cuatro-asedios-a-la-critica-y-a-la-narrativa-bolivianas-del-siglo-xx","status":"publish","type":"post","link":"https:\/\/ffyh.unc.edu.ar\/posgrado\/2014\/07\/15\/curso-de-posgrado-cuatro-asedios-a-la-critica-y-a-la-narrativa-bolivianas-del-siglo-xx\/","title":{"rendered":"Curso de Posgrado \u00abCuatro asedios a la cr\u00edtica y a la Narrativa Bolivianas del Siglo XX\u00bb"},"content":{"rendered":"<p><strong><em><strong>Dra. Ana Rebeca Prada &#8211; Inicia: 1\u00ba de agosto de 2014<\/strong><\/em><\/strong><!--more--><\/p>\n<p><span style=\"color: #003366\"><strong>INSCRIPCI\u00d3N:\u00a0<a href=\"https:\/\/docs.google.com\/spreadsheet\/viewform?formkey=dHA1eHEtbC16RmhKbWRpT2F3Y295bFE6MA\" target=\"_blank\"><span style=\"color: #003366\">completar formulario<\/span><\/a><\/strong><\/span><\/p>\n<p>&nbsp;<\/p>\n<p><strong><em>Curso de Posgrado \u00ab<\/em><\/strong><strong><em>Cuatro asedios a la cr\u00edtica\u00a0<\/em><\/strong><strong><em>y a la Narrativa Bolivianas del Siglo XX\u00bb<\/em><\/strong><\/p>\n<p><strong>Dra. Ana Rebeca Prada<br \/>\n<\/strong><strong>Universidad Mayor de San Andr\u00e9s, Bolivia<\/strong><\/p>\n<p><strong>Descripci\u00f3n<\/strong><br \/>\nEl trabajo editorial, cr\u00edtico y acad\u00e9mico de las \u00faltimas d\u00e9cadas ha dejado entrever fisuras en lo que se hab\u00eda construido como un mapa m\u00e1s o menos estable de la narrativa del siglo XX boliviano. Los \u00faltimos afanes de estas tres dimensiones de la instituci\u00f3n literaria han ido redibujando este mapa, generando un horizonte complejo, todav\u00eda fragmentado, que es necesario analizar y estudiar con profundidad.<br \/>\n<strong>Programa:\u00a0<a href=\"http:\/\/ffyh.unc.edu.ar\/posgrado\/wp-content\/uploads\/sites\/3\/2014\/05\/ProgC\u00f3rdobaDEF.docx\" target=\"_blank\">descargar<\/a><\/strong><\/p>\n<p>&nbsp;<\/p>\n<p><strong>D\u00edas, horarios y lugar<br \/>\n<\/strong>1, 4, 5, 7, 8 y 11 de agosto de 2014<br \/>\n16:00 a 19:30 hs<br \/>\nPabell\u00f3n Residencial<\/p>\n<p><strong>&#8230;&#8230;..<\/strong><\/p>\n<p><strong>Carga horaria: 20hs.<\/strong><\/p>\n<p><strong>Aranceles<\/strong><\/p>\n<p>Gratuito para\u00a0Docentes y Adscriptos que cursan carreras de\u00a0Doctorado en la FFyH*<br \/>\nEgresados, Docentes y Adscriptos de la FFYH*: $200<br \/>\nOtros inscriptos: $400<\/p>\n<p><em>* FFYH: Facultad de Filosof\u00eda y Humanidades, Universidad Nacional de C\u00f3rdoba<\/em><\/p>\n<p>&#8230;&#8230;..<\/p>\n<p><strong>INSCRIPCI\u00d3N: <a href=\"https:\/\/docs.google.com\/spreadsheet\/viewform?formkey=dHA1eHEtbC16RmhKbWRpT2F3Y295bFE6MA\" target=\"_blank\">completar formulario<\/a><\/strong><\/p>\n<p><strong>Consultas: cursos@ffyh.unc.edu.ar\u00a0<\/strong><\/p>\n","protected":false},"excerpt":{"rendered":"<p>Dra. Ana Rebeca Prada &#8211; Inicia: 1\u00ba de agosto de 2014<\/p>\n","protected":false},"author":5,"featured_media":0,"comment_status":"closed","ping_status":"closed","sticky":false,"template":"","format":"standard","meta":{"_acf_changed":false,"colormag_page_container_layout":"default_layout","colormag_page_sidebar_layout":"default_layout","_jetpack_memberships_contains_paid_content":false,"footnotes":""},"categories":[4],"tags":[14,17],"class_list":["post-3804","post","type-post","status-publish","format-standard","hentry","category-noticias","tag-curso-de-doctorado","tag-cursos-de-posgrado"],"acf":[],"jetpack_featured_media_url":"","jetpack_sharing_enabled":true,"_links":{"self":[{"href":"https:\/\/ffyh.unc.edu.ar\/posgrado\/wp-json\/wp\/v2\/posts\/3804","targetHints":{"allow":["GET"]}}],"collection":[{"href":"https:\/\/ffyh.unc.edu.ar\/posgrado\/wp-json\/wp\/v2\/posts"}],"about":[{"href":"https:\/\/ffyh.unc.edu.ar\/posgrado\/wp-json\/wp\/v2\/types\/post"}],"author":[{"embeddable":true,"href":"https:\/\/ffyh.unc.edu.ar\/posgrado\/wp-json\/wp\/v2\/users\/5"}],"replies":[{"embeddable":true,"href":"https:\/\/ffyh.unc.edu.ar\/posgrado\/wp-json\/wp\/v2\/comments?post=3804"}],"version-history":[{"count":0,"href":"https:\/\/ffyh.unc.edu.ar\/posgrado\/wp-json\/wp\/v2\/posts\/3804\/revisions"}],"wp:attachment":[{"href":"https:\/\/ffyh.unc.edu.ar\/posgrado\/wp-json\/wp\/v2\/media?parent=3804"}],"wp:term":[{"taxonomy":"category","embeddable":true,"href":"https:\/\/ffyh.unc.edu.ar\/posgrado\/wp-json\/wp\/v2\/categories?post=3804"},{"taxonomy":"post_tag","embeddable":true,"href":"https:\/\/ffyh.unc.edu.ar\/posgrado\/wp-json\/wp\/v2\/tags?post=3804"}],"curies":[{"name":"wp","href":"https:\/\/api.w.org\/{rel}","templated":true}]}}