{"id":4151,"date":"2014-10-31T19:44:55","date_gmt":"2014-10-31T19:44:55","guid":{"rendered":"http:\/\/www.ffyh.unc.edu.ar\/posgrado\/?p=4151"},"modified":"2014-10-31T19:44:55","modified_gmt":"2014-10-31T19:44:55","slug":"curso-de-posgrado-debates-actuales-en-antropologia","status":"publish","type":"post","link":"https:\/\/ffyh.unc.edu.ar\/posgrado\/2014\/10\/31\/curso-de-posgrado-debates-actuales-en-antropologia\/","title":{"rendered":"Curso de Posgrado \u201cDebates Actuales en Antropolog\u00eda\u201d"},"content":{"rendered":"<p>Mgter. Jos\u00e9 Mar\u00eda Bompadre y\u00a0Mgter. Carolina \u00c1lvarez \u00c1vila &#8211;\u00a06, 7, 8, 20, 21 y 22 de noviembre de 2014<!--more--><\/p>\n<p><strong><em>\u00a0<\/em><\/strong><strong><em>Maestr\u00eda en Antropolog\u00eda y\u00a0<\/em><\/strong><strong><em>Especializaci\u00f3n en Antropolog\u00eda Social<\/em><\/strong><\/p>\n<p><strong><em>Curso de Posgrado \u201c<\/em><\/strong><strong><em>Debates Actuales en Antropolog\u00eda<\/em><\/strong><strong><em>\u201d<\/em><\/strong><\/p>\n<p>Docentes:<\/p>\n<p><strong><em>\u00a0<\/em><\/strong><strong><em>Mgter. Jos\u00e9 Mar\u00eda Bompadre<\/em><\/strong><\/p>\n<p><strong><em>Mgter. Carolina \u00c1lvarez \u00c1vila<\/em><\/strong><\/p>\n<p><strong><em>\u00a0<\/em><\/strong><\/p>\n<p>\u00bfC\u00f3mo abordar la diversidad sociocultural? Esta pregunta, tan cara y medular a las ciencias humanas y sociales en general y a la ciencia antropol\u00f3gica en particular, sigue siendo explorada, criticada y tensionada. En el presente curso, nos proponemos acercar algunos debates actuales sobre `diversidad sociocultural\u00b4 desplegando una mirada cr\u00edtica respecto a marcadores (cultura) y marcaciones (adscripciones\/identificaciones) de diversidad y a las configuraciones de una `econom\u00eda pol\u00edtica\u00b4 de producci\u00f3n de diversidad sociocultural (Briones 2005).<\/p>\n<p>Programa: <a href=\"https:\/\/drive.google.com\/file\/d\/0B7UfXNY2zqoDUjhVYzZ5QTROR3BCMjdCUVdScUhrTkZhWVpv\/view?usp=sharing\" target=\"_blank\">descargar<\/a><\/p>\n<p><strong>D\u00edas, horarios y lugar<\/strong><\/p>\n<p><strong>6, 7, 8, 20, 21 y 22 de Noviembre<\/strong><strong><br \/>\n<\/strong>Jueves y viernes de 18 a 21:30 hs.<\/p>\n<p>S\u00e1bado de 10 a 13 hs.<\/p>\n<p><strong>Pabell\u00f3n Residencial<\/strong><\/p>\n<p><strong>Carga horaria: 45 hs.<\/strong><\/p>\n<p>&nbsp;<\/p>\n<p><strong>Aranceles<\/strong><br \/>\nAlumnos externos a la maestr\u00eda y especializaci\u00f3n en antropolog\u00eda: $530<\/p>\n<p>&#8230;&#8230;..<\/p>\n<p>INSCRIPCI\u00d3N: <a href=\"https:\/\/docs.google.com\/a\/ffyh.unc.edu.ar\/forms\/d\/1usH8yEaPn9FUjx7jYASy57akf4YevkRfUFWqcuBBq0U\/viewform\">Aqu\u00ed<\/a><\/p>\n<p>Consultas: <a href=\"mailto:maeantro@ffyh.unc.edu.ar\">maeantro@ffyh.unc.edu.ar<\/a><\/p>\n","protected":false},"excerpt":{"rendered":"<p>Mgter. Jos\u00e9 Mar\u00eda Bompadre y\u00a0Mgter. Carolina \u00c1lvarez \u00c1vila &#8211;\u00a06, 7, 8, 20, 21 y 22 de noviembre de 2014<\/p>\n","protected":false},"author":5,"featured_media":0,"comment_status":"closed","ping_status":"closed","sticky":false,"template":"","format":"standard","meta":{"_acf_changed":false,"colormag_page_container_layout":"default_layout","colormag_page_sidebar_layout":"default_layout","_jetpack_memberships_contains_paid_content":false,"footnotes":""},"categories":[4],"tags":[46],"class_list":["post-4151","post","type-post","status-publish","format-standard","hentry","category-noticias","tag-maestria-en-antropologia"],"acf":[],"jetpack_featured_media_url":"","jetpack_sharing_enabled":true,"_links":{"self":[{"href":"https:\/\/ffyh.unc.edu.ar\/posgrado\/wp-json\/wp\/v2\/posts\/4151","targetHints":{"allow":["GET"]}}],"collection":[{"href":"https:\/\/ffyh.unc.edu.ar\/posgrado\/wp-json\/wp\/v2\/posts"}],"about":[{"href":"https:\/\/ffyh.unc.edu.ar\/posgrado\/wp-json\/wp\/v2\/types\/post"}],"author":[{"embeddable":true,"href":"https:\/\/ffyh.unc.edu.ar\/posgrado\/wp-json\/wp\/v2\/users\/5"}],"replies":[{"embeddable":true,"href":"https:\/\/ffyh.unc.edu.ar\/posgrado\/wp-json\/wp\/v2\/comments?post=4151"}],"version-history":[{"count":0,"href":"https:\/\/ffyh.unc.edu.ar\/posgrado\/wp-json\/wp\/v2\/posts\/4151\/revisions"}],"wp:attachment":[{"href":"https:\/\/ffyh.unc.edu.ar\/posgrado\/wp-json\/wp\/v2\/media?parent=4151"}],"wp:term":[{"taxonomy":"category","embeddable":true,"href":"https:\/\/ffyh.unc.edu.ar\/posgrado\/wp-json\/wp\/v2\/categories?post=4151"},{"taxonomy":"post_tag","embeddable":true,"href":"https:\/\/ffyh.unc.edu.ar\/posgrado\/wp-json\/wp\/v2\/tags?post=4151"}],"curies":[{"name":"wp","href":"https:\/\/api.w.org\/{rel}","templated":true}]}}