{"id":4194,"date":"2014-12-11T20:36:39","date_gmt":"2014-12-11T20:36:39","guid":{"rendered":"http:\/\/www.ffyh.unc.edu.ar\/posgrado\/?p=4194"},"modified":"2014-12-11T20:36:39","modified_gmt":"2014-12-11T20:36:39","slug":"curso-de-posgrado-introduccion-a-la-dialectologia-griega-los-dialectos-historicos-de-la-lengua-griega-en-los-periodos-arcaico-y-clasico","status":"publish","type":"post","link":"https:\/\/ffyh.unc.edu.ar\/posgrado\/2014\/12\/11\/curso-de-posgrado-introduccion-a-la-dialectologia-griega-los-dialectos-historicos-de-la-lengua-griega-en-los-periodos-arcaico-y-clasico\/","title":{"rendered":"Curso de Posgrado \u00abIntroducci\u00f3n a la dialectolog\u00eda griega. Los dialectos hist\u00f3ricos de la lengua griega en los per\u00edodos arcaico y cl\u00e1sico\u00bb"},"content":{"rendered":"<p>Dra. Elisa Ferrer &#8211; \u00a0Abril y mayo de 2015<!--more--><\/p>\n<p><strong>\u00a0Inscripci\u00f3n: <a href=\"https:\/\/docs.google.com\/a\/ffyh.unc.edu.ar\/forms\/d\/1XIkXL1NPncYW8jU9vtt6N-g7nIxOHOleNvGT0zHXxJ8\/viewform\" target=\"_blank\">completar formulario<\/a><\/strong><\/p>\n<p>&nbsp;<\/p>\n<p><strong><em>Curso de Posgrado<\/em><\/strong><\/p>\n<p><strong>Introducci\u00f3n a la dialectolog\u00eda griega.<\/strong><\/p>\n<p>Los dialectos hist\u00f3ricos de la lengua griega en los per\u00edodos arcaico y cl\u00e1sico<\/p>\n<p><strong><em>\u00a0<\/em><\/strong><\/p>\n<p><strong>Dra. Elisa Ferrer<\/strong><\/p>\n<p>Docente colaborador: Lic. Diego Segu\u00ed<\/p>\n<p><strong><em>\u00a0<\/em><\/strong><\/p>\n<p>El desarrollo del programa se propone brindar a egresados de la carrera de Letras, estudiantes avanzados de la misma, u otros interesados con conocimientos consolidados de la morfolog\u00eda del griego antiguo, los fundamentos cient\u00edficos para el estudio de los dialectos de esta lengua desde una perspectiva hist\u00f3rica.<\/p>\n<p>Este curso, relacionado \u00edntimamente con el dictado de las materias sobre lengua y literatura griegas y la de Ling\u00fc\u00edstica Cl\u00e1sica en la FFyH, responde a la necesidad de cubrir contenidos a los que, por razones de tiempo, el cursado habitual de dichas materias s\u00f3lo alcanza a ofrecer una aproximaci\u00f3n superficial. El estudio de los dialectos de la lengua griega en el cursado de la carrera de grado suele limitarse a su reflejo en las lenguas literarias, sin una consideraci\u00f3n en profundidad del aspecto exclusivamente ling\u00fc\u00edstico que permita colocar el desarrollo de los dialectos literarios en un contexto hist\u00f3rico y geogr\u00e1fico.<\/p>\n<p>El curso apunta asimismo a proporcionar acceso a algunos de los desarrollos te\u00f3ricos y metodol\u00f3gicos que el estudio de la dialectolog\u00eda griega ha experimentado en las \u00faltimas d\u00e9cadas.<\/p>\n<p><strong>Programa: <a href=\"https:\/\/drive.google.com\/file\/d\/0B7UfXNY2zqoDZ0NMR3J4OWRfQWp2TjdFVHk2d2RVYzVxWXow\/view?usp=sharing\" target=\"_blank\">descargar<\/a><\/strong><\/p>\n<p>&#8230;&#8230;&#8230;&#8230;<\/p>\n<p><strong>D\u00edas, horarios y lugar<\/strong><\/p>\n<p><strong>Abril y mayo de 2015<\/strong><\/p>\n<p>Fechas de cursado: 10-11 de abril, 24-25 de abril y 8-9 de mayo de 2015<\/p>\n<p>Viernes de 15 hs a 21 hs y s\u00e1bados de 9:30 hs a 13:30 hs<\/p>\n<p><strong>Pabell\u00f3n Residencial<\/strong><\/p>\n<p><strong>&#8230;&#8230;..<\/strong><\/p>\n<p><strong>Carga horaria: 48hs.<\/strong><\/p>\n<p>&#8230;&#8230;.<\/p>\n<p><strong>Destinatarios<\/strong><\/p>\n<p>Egresados de la carrera de Letras Cl\u00e1sicas o con conocimientos consolidados de la morfolog\u00eda griega.<\/p>\n<p><strong>\u00a0&#8230;&#8230;.<\/strong><\/p>\n<p><strong>Aranceles<\/strong><br \/>\nGratuito para Egresados, Doctorandos, Docentes y Adscriptos de la FFyH*<br \/>\nOtros inscriptos: $400<\/p>\n<p><em>* FFYH: Facultad de Filosof\u00eda y Humanidades, Universidad Nacional de C\u00f3rdoba<\/em><\/p>\n<p>&#8230;&#8230;..<\/p>\n<p><strong>\u00a0Inscripci\u00f3n:\u00a0<a href=\"https:\/\/docs.google.com\/a\/ffyh.unc.edu.ar\/forms\/d\/1XIkXL1NPncYW8jU9vtt6N-g7nIxOHOleNvGT0zHXxJ8\/viewform\" target=\"_blank\">completar formulario<\/a><\/strong><\/p>\n<p>Consultas: cursos@ffyh.unc.edu.ar<\/p>\n","protected":false},"excerpt":{"rendered":"<p>Dra. Elisa Ferrer &#8211; \u00a0Abril y mayo de 2015<\/p>\n","protected":false},"author":5,"featured_media":0,"comment_status":"closed","ping_status":"closed","sticky":false,"template":"","format":"standard","meta":{"_acf_changed":false,"colormag_page_container_layout":"default_layout","colormag_page_sidebar_layout":"default_layout","_jetpack_memberships_contains_paid_content":false,"footnotes":""},"categories":[4],"tags":[17],"class_list":["post-4194","post","type-post","status-publish","format-standard","hentry","category-noticias","tag-cursos-de-posgrado"],"acf":[],"jetpack_featured_media_url":"","jetpack_sharing_enabled":true,"_links":{"self":[{"href":"https:\/\/ffyh.unc.edu.ar\/posgrado\/wp-json\/wp\/v2\/posts\/4194","targetHints":{"allow":["GET"]}}],"collection":[{"href":"https:\/\/ffyh.unc.edu.ar\/posgrado\/wp-json\/wp\/v2\/posts"}],"about":[{"href":"https:\/\/ffyh.unc.edu.ar\/posgrado\/wp-json\/wp\/v2\/types\/post"}],"author":[{"embeddable":true,"href":"https:\/\/ffyh.unc.edu.ar\/posgrado\/wp-json\/wp\/v2\/users\/5"}],"replies":[{"embeddable":true,"href":"https:\/\/ffyh.unc.edu.ar\/posgrado\/wp-json\/wp\/v2\/comments?post=4194"}],"version-history":[{"count":0,"href":"https:\/\/ffyh.unc.edu.ar\/posgrado\/wp-json\/wp\/v2\/posts\/4194\/revisions"}],"wp:attachment":[{"href":"https:\/\/ffyh.unc.edu.ar\/posgrado\/wp-json\/wp\/v2\/media?parent=4194"}],"wp:term":[{"taxonomy":"category","embeddable":true,"href":"https:\/\/ffyh.unc.edu.ar\/posgrado\/wp-json\/wp\/v2\/categories?post=4194"},{"taxonomy":"post_tag","embeddable":true,"href":"https:\/\/ffyh.unc.edu.ar\/posgrado\/wp-json\/wp\/v2\/tags?post=4194"}],"curies":[{"name":"wp","href":"https:\/\/api.w.org\/{rel}","templated":true}]}}