{"id":4645,"date":"2015-08-03T15:52:37","date_gmt":"2015-08-03T15:52:37","guid":{"rendered":"http:\/\/www.ffyh.unc.edu.ar\/posgrado\/?p=4645"},"modified":"2015-08-03T15:52:37","modified_gmt":"2015-08-03T15:52:37","slug":"curso-de-posgrado-seminario-sobre-el-pensamiento-de-gilbert-simondon","status":"publish","type":"post","link":"https:\/\/ffyh.unc.edu.ar\/posgrado\/2015\/08\/03\/curso-de-posgrado-seminario-sobre-el-pensamiento-de-gilbert-simondon\/","title":{"rendered":"Curso de Posgrado \u00abSeminario sobre el pensamiento de Gilbert Simondon\u00bb"},"content":{"rendered":"<p><strong>Dr. Agust\u00edn Berti, Dr. Emmanuel Biset, Dr. Javier Blanco<\/strong><strong>. &#8211;\u00a0Inicia: 18 de agosto \u2013 Finaliza: 17 de noviembre<\/strong><!--more--><\/p>\n<blockquote><p><strong>INSCRIPCI\u00d3N:\u00a0<a href=\"https:\/\/docs.google.com\/a\/ffyh.unc.edu.ar\/forms\/d\/1xRlAhtOYKSj_cgOv0BIecNcXNq6D3OOfIcMtiFMnPLc\/viewform\" target=\"_blank\">completar formulario<\/a><\/strong><\/p><\/blockquote>\n<p><strong><em>Curso de Posgrado<\/em><\/strong><\/p>\n<p><strong>Seminario sobre el pensamiento de Gilbert Simondon<\/strong><\/p>\n<p><strong><em>\u00a0<\/em><\/strong><\/p>\n<p><strong>Dr. Agust\u00edn Berti, Dr. Emmanuel Biset, Dr. Javier Blanco<\/strong><strong>.<\/strong><\/p>\n<p><strong><em>\u00a0<\/em><\/strong><\/p>\n<p>Gilbert Simondon amaba a las m\u00e1quinas. A mediados del siglo XX, cuando escribi\u00f3 su obra, la t\u00e9cnica se encontraba bajo sospecha, asociada o asimilada a la racionalidad instrumental, posible culpable del extrav\u00edo del proyecto ilustrado. Muchos de los principales an\u00e1lisis filos\u00f3ficos de la \u00e9poca (Heidegger, Ellul, Anders, la escuela de Frankfurt, entre otros) la conceb\u00edan como amenaza o como peligro; buscaban explicarla en t\u00e9rminos human\u00edsticos, supeditarla a alguna categor\u00eda tradicionalmente m\u00e1s aceptable como la belleza, el conocimiento o la \u00e9tica. Incluso las atrocidades de las guerras o de las crisis econ\u00f3micas del capitalismo eran parcialmente atribuidas a (o al menos relacionadas con) el crecimiento desmedido y aut\u00f3nomo de la tecnolog\u00eda moderna.<\/p>\n<blockquote><p><strong>Programa: <a href=\"https:\/\/drive.google.com\/file\/d\/0B7UfXNY2zqoDSDdKczNrSTE1YzRBNFdxNkZnWERoUkFwRG9N\/view?usp=sharing\" target=\"_blank\">descargar<\/a><\/strong><\/p><\/blockquote>\n<p><strong><u>D\u00edas, horarios y lugar<\/u><\/strong><\/p>\n<p><strong>Agosto &#8211; Noviembre de 2015<\/strong><\/p>\n<p><strong>Inicia: 18 de agosto \u2013 Finaliza: 17 de noviembre<\/strong><\/p>\n<p>Clases: martes de 17 a 20hs \u2013 Pabell\u00f3n Residencial<\/p>\n<p><strong>&#8230;&#8230;..<\/strong><\/p>\n<p><strong>Carga horaria: 40hs.<\/strong><\/p>\n<p><strong><u>Aranceles<\/u><\/strong><br \/>\nGratuito para Egresados, Doctorandos, Docentes y Adscriptos de la FFyH*<br \/>\nOtros inscriptos: $500<\/p>\n<p><em>* FFYH: Facultad de Filosof\u00eda y Humanidades, Universidad Nacional de C\u00f3rdoba<\/em><\/p>\n<p>&#8230;&#8230;..<\/p>\n<blockquote><p><strong>INSCRIPCI\u00d3N:\u00a0<a href=\"https:\/\/docs.google.com\/a\/ffyh.unc.edu.ar\/forms\/d\/1xRlAhtOYKSj_cgOv0BIecNcXNq6D3OOfIcMtiFMnPLc\/viewform\" target=\"_blank\">completar formulario<\/a><\/strong><\/p><\/blockquote>\n<p>Consultas: <a href=\"..\/2012\/cursos@ffyh.unc.edu.ar\">cursos@ffyh.unc.edu.ar<\/a><\/p>\n","protected":false},"excerpt":{"rendered":"<p>Dr. Agust\u00edn Berti, Dr. Emmanuel Biset, Dr. Javier Blanco. &#8211;\u00a0Inicia: 18 de agosto \u2013 Finaliza: 17 de noviembre<\/p>\n","protected":false},"author":5,"featured_media":0,"comment_status":"closed","ping_status":"closed","sticky":false,"template":"","format":"standard","meta":{"_acf_changed":false,"colormag_page_container_layout":"default_layout","colormag_page_sidebar_layout":"default_layout","_jetpack_memberships_contains_paid_content":false,"footnotes":""},"categories":[4],"tags":[17],"class_list":["post-4645","post","type-post","status-publish","format-standard","hentry","category-noticias","tag-cursos-de-posgrado"],"acf":[],"jetpack_featured_media_url":"","jetpack_sharing_enabled":true,"_links":{"self":[{"href":"https:\/\/ffyh.unc.edu.ar\/posgrado\/wp-json\/wp\/v2\/posts\/4645","targetHints":{"allow":["GET"]}}],"collection":[{"href":"https:\/\/ffyh.unc.edu.ar\/posgrado\/wp-json\/wp\/v2\/posts"}],"about":[{"href":"https:\/\/ffyh.unc.edu.ar\/posgrado\/wp-json\/wp\/v2\/types\/post"}],"author":[{"embeddable":true,"href":"https:\/\/ffyh.unc.edu.ar\/posgrado\/wp-json\/wp\/v2\/users\/5"}],"replies":[{"embeddable":true,"href":"https:\/\/ffyh.unc.edu.ar\/posgrado\/wp-json\/wp\/v2\/comments?post=4645"}],"version-history":[{"count":0,"href":"https:\/\/ffyh.unc.edu.ar\/posgrado\/wp-json\/wp\/v2\/posts\/4645\/revisions"}],"wp:attachment":[{"href":"https:\/\/ffyh.unc.edu.ar\/posgrado\/wp-json\/wp\/v2\/media?parent=4645"}],"wp:term":[{"taxonomy":"category","embeddable":true,"href":"https:\/\/ffyh.unc.edu.ar\/posgrado\/wp-json\/wp\/v2\/categories?post=4645"},{"taxonomy":"post_tag","embeddable":true,"href":"https:\/\/ffyh.unc.edu.ar\/posgrado\/wp-json\/wp\/v2\/tags?post=4645"}],"curies":[{"name":"wp","href":"https:\/\/api.w.org\/{rel}","templated":true}]}}