{"id":4677,"date":"2015-08-11T20:39:30","date_gmt":"2015-08-11T20:39:30","guid":{"rendered":"http:\/\/www.ffyh.unc.edu.ar\/posgrado\/?p=4677"},"modified":"2015-08-11T20:39:30","modified_gmt":"2015-08-11T20:39:30","slug":"curso-de-posgrado-literatura-y-politica-el-peronismo-en-la-narrativa-argentina","status":"publish","type":"post","link":"https:\/\/ffyh.unc.edu.ar\/posgrado\/2015\/08\/11\/curso-de-posgrado-literatura-y-politica-el-peronismo-en-la-narrativa-argentina\/","title":{"rendered":"Curso de Posgrado \u00abLiteratura y pol\u00edtica: el peronismo en la narrativa argentina\u00bb"},"content":{"rendered":"<p><strong>Dr. Pablo Heredia y Dr. Domingo Ighina &#8211; Inicia: 4 de septiembre de 2015<\/strong><!--more--><\/p>\n<blockquote><p><strong>INSCRIPCI\u00d3N:\u00a0<a href=\"https:\/\/docs.google.com\/forms\/d\/18Wuqc4quzRLdg7TtFfwC7oTnaY-dLhyICR16LaawwNQ\/viewform\" target=\"_blank\">completar formulario<\/a><\/strong><\/p><\/blockquote>\n<p><strong><em>Curso de Posgrado<\/em><\/strong><\/p>\n<p><strong>Literatura y pol\u00edtica:\u00a0<\/strong><strong>el peronismo en la narrativa argentina<\/strong><\/p>\n<p>&nbsp;<\/p>\n<p><strong>Dr. Pablo Heredia y Dr. Domingo Ighina<\/strong><\/p>\n<p>&nbsp;<\/p>\n<p>Los nuevos movimientos populares latinoamericanos del siglo XXI han puesto en escena renovados requerimientos fundamentales en el pensamiento cr\u00edtico acad\u00e9mico, especialmente proyectados en la necesidad de indagar las categor\u00edas de \u201cnaci\u00f3n\u201d y \u201ccultura popular\u201d en las Ciencias Sociales y Humanas. Este curso se propone transitar estas referencias en la narrativa argentina de las \u00faltimas d\u00e9cadas, espec\u00edficamente vinculadas al sujeto popular que el peronismo configur\u00f3 como fundamento y desarrollo de su pol\u00edtica, desde su emergencia en los a\u00f1os 40 y 50 hasta sus reformulaciones en la actualidad.<\/p>\n<p>En consecuencia, el curso plantear\u00e1 las discusiones entre escritores, intelectuales y agentes culturales en torno a las diversas modelizaciones de sus identidades y roles en relaci\u00f3n con los referentes \u201cpueblo\u201d y \u201cnaci\u00f3n\u201d. Sobre estos ejes se trabajar\u00e1 para observar las matrices discursivas de la narrativa para analizar los modos de construcci\u00f3n de lineamientos, posiciones y proyecciones de los escritores y su literatura vinculados con el p\u00fablico lector y las diversas instituciones que operan el poder en la Argentina moderna (Estado, medios de comunicaci\u00f3n, academia, editoriales).<\/p>\n<blockquote><p><strong>Programa: <a href=\"http:\/\/ffyh.unc.edu.ar\/posgrado\/wp-content\/uploads\/sites\/3\/2015\/08\/Programa-CursoPosgrado-2015.docx\" target=\"_blank\">descargar<\/a><\/strong><\/p><\/blockquote>\n<p><strong><u>D\u00edas, horarios y lugar<\/u><\/strong><\/p>\n<p><strong>Septiembre-Octubre 2015<\/strong><\/p>\n<p>4, 11, 18, 25 de septiembre<\/p>\n<p>2 y 9 de octubre<\/p>\n<p>Clases: viernes\u00a0de 17 a 21hs.<\/p>\n<p>-Aula 5, Casa Verde-<\/p>\n<p><strong>&#8230;&#8230;..<\/strong><\/p>\n<p><strong>Carga horaria: 40hs.<\/strong><\/p>\n<p><strong><u>Destinatarios<\/u><\/strong><\/p>\n<p>Egresados de grado universitario y terciario en general, espec\u00edficamente egresados de las carreras de Ciencias Humanas y Sociales, maestrandos y doctorandos. Estudiantes avanzados en el \u00faltimo a\u00f1o de carreras de grado de la Facultad de Filosof\u00eda y Humanidades.<\/p>\n<p>&nbsp;<\/p>\n<p><strong><u>Aranceles<\/u><\/strong><br \/>\nGratuito para Egresados, Doctorandos, Docentes y Adscriptos de la FFyH*<br \/>\nOtros inscriptos: $500<\/p>\n<p><em>* FFYH: Facultad de Filosof\u00eda y Humanidades, Universidad Nacional de C\u00f3rdoba<\/em><\/p>\n<p>&#8230;&#8230;..<\/p>\n<p><strong>INSCRIPCI\u00d3N:\u00a0<a href=\"https:\/\/docs.google.com\/forms\/d\/18Wuqc4quzRLdg7TtFfwC7oTnaY-dLhyICR16LaawwNQ\/viewform\" target=\"_blank\">completar formulario<\/a><\/strong><\/p>\n<p>Consultas: <a href=\"..\/2012\/cursos@ffyh.unc.edu.ar\">cursos@ffyh.unc.edu.ar<\/a><\/p>\n","protected":false},"excerpt":{"rendered":"<p>Dr. Pablo Heredia y Dr. Domingo Ighina &#8211; Inicia: 4 de septiembre de 2015<\/p>\n","protected":false},"author":5,"featured_media":0,"comment_status":"closed","ping_status":"closed","sticky":false,"template":"","format":"standard","meta":{"_acf_changed":false,"colormag_page_container_layout":"default_layout","colormag_page_sidebar_layout":"default_layout","_jetpack_memberships_contains_paid_content":false,"footnotes":""},"categories":[4],"tags":[17],"class_list":["post-4677","post","type-post","status-publish","format-standard","hentry","category-noticias","tag-cursos-de-posgrado"],"acf":[],"jetpack_featured_media_url":"","jetpack_sharing_enabled":true,"_links":{"self":[{"href":"https:\/\/ffyh.unc.edu.ar\/posgrado\/wp-json\/wp\/v2\/posts\/4677","targetHints":{"allow":["GET"]}}],"collection":[{"href":"https:\/\/ffyh.unc.edu.ar\/posgrado\/wp-json\/wp\/v2\/posts"}],"about":[{"href":"https:\/\/ffyh.unc.edu.ar\/posgrado\/wp-json\/wp\/v2\/types\/post"}],"author":[{"embeddable":true,"href":"https:\/\/ffyh.unc.edu.ar\/posgrado\/wp-json\/wp\/v2\/users\/5"}],"replies":[{"embeddable":true,"href":"https:\/\/ffyh.unc.edu.ar\/posgrado\/wp-json\/wp\/v2\/comments?post=4677"}],"version-history":[{"count":0,"href":"https:\/\/ffyh.unc.edu.ar\/posgrado\/wp-json\/wp\/v2\/posts\/4677\/revisions"}],"wp:attachment":[{"href":"https:\/\/ffyh.unc.edu.ar\/posgrado\/wp-json\/wp\/v2\/media?parent=4677"}],"wp:term":[{"taxonomy":"category","embeddable":true,"href":"https:\/\/ffyh.unc.edu.ar\/posgrado\/wp-json\/wp\/v2\/categories?post=4677"},{"taxonomy":"post_tag","embeddable":true,"href":"https:\/\/ffyh.unc.edu.ar\/posgrado\/wp-json\/wp\/v2\/tags?post=4677"}],"curies":[{"name":"wp","href":"https:\/\/api.w.org\/{rel}","templated":true}]}}