{"id":4768,"date":"2015-09-18T18:54:19","date_gmt":"2015-09-18T18:54:19","guid":{"rendered":"http:\/\/www.ffyh.unc.edu.ar\/posgrado\/?p=4768"},"modified":"2015-09-18T18:54:19","modified_gmt":"2015-09-18T18:54:19","slug":"curso-de-posgrado-ensayo-de-narradores-en-la-literatura-latinoamericana-1970-2010","status":"publish","type":"post","link":"https:\/\/ffyh.unc.edu.ar\/posgrado\/2015\/09\/18\/curso-de-posgrado-ensayo-de-narradores-en-la-literatura-latinoamericana-1970-2010\/","title":{"rendered":"Curso de Posgrado \u00abEnsayo de narradores en la literatura latinoamericana (1970-2010)\u00bb"},"content":{"rendered":"<p><strong>Dra Ana Cecilia Olmos &#8211;\u00a05 al 9 de octubre de 2015<\/strong><!--more--><\/p>\n<p><strong><em>Curso de Posgrado<\/em><\/strong><\/p>\n<p><strong>Ensayo de narradores en la literatura latinoamericana (1970-2010)<\/strong><\/p>\n<p><strong><em>\u00a0<\/em><\/strong><\/p>\n<p><strong>Dra Ana Cecilia Olmos<\/strong><\/p>\n<p>Universidade de S\u00e3o Paulo<\/p>\n<p>Faculdade de Filosofia, Letras e Ci\u00eancias Humanas<\/p>\n<p><u>\u00a0<\/u><\/p>\n<p><strong><em>\u00a0<\/em><\/strong><\/p>\n<p>El curso propone una reflexi\u00f3n cr\u00edtica sobre los modos que asume el ensayo de narradores en la literatura latinoamericana de los a\u00f1os 70 hasta la actualidad. Se parte del presupuesto de que el ensayo de los narradores no se presenta como un discurso que, regido por un prop\u00f3sito de comunicaci\u00f3n, explica los fundamentos po\u00e9ticos de sus ficciones, sino que, por el contrario, se postula como un espacio discursivo de indagaci\u00f3n que coloca en evidencia el gesto cr\u00edtico que toda pr\u00e1ctica literaria supone ante los usos convencionales del lenguaje. En particular, recortamos la producci\u00f3n ensay\u00edstica que, en di\u00e1logo con presupuestos te\u00f3ricos del posestructuralismo franc\u00e9s, desestabiliza las diferencias de los g\u00e9neros literarios al postular el movimiento inclusivo de una <em>escritura<\/em> que borra las jerarqu\u00edas discursivas. Este punto de partida permitir\u00e1 indagar las particularidades que asumen las propuestas est\u00e9ticas de narradores latinoamericanos que se desplazan entre el ensayo y otros g\u00e9neros literarios en un cuestionamiento de los l\u00edmites discursivos que asume diferentes grados de radicalidad a lo largo del tiempo y que hoy permite colocar la pregunta acerca de su vigencia.<\/p>\n<blockquote><p><strong>Programa: <a href=\"http:\/\/ffyh.unc.edu.ar\/posgrado\/wp-content\/uploads\/sites\/3\/2015\/09\/Programa-Ana-Cecilia-Olmos.pdf\" target=\"_blank\">descargar<\/a><\/strong><\/p><\/blockquote>\n<p><strong><u>D\u00edas, horarios y lugar<\/u><\/strong><\/p>\n<p><strong>5 al 9 de octubre de 2015<\/strong><\/p>\n<p>16 a 20hs<\/p>\n<p><strong>-Pabell\u00f3n Residencial-<\/strong><\/p>\n<p><strong>&#8230;&#8230;..<\/strong><\/p>\n<p><strong>Carga horaria: 40hs.<\/strong><\/p>\n<p><strong><u>Aranceles<\/u><\/strong><br \/>\nGratuito para Egresados, Doctorandos, Docentes y Adscriptos de la FFyH*<br \/>\nOtros inscriptos: $500<\/p>\n<p><em>* FFYH: Facultad de Filosof\u00eda y Humanidades, Universidad Nacional de C\u00f3rdoba<\/em><\/p>\n<p>&#8230;&#8230;..<\/p>\n<p><strong>INSCRIPCI\u00d3N: <a href=\"https:\/\/docs.google.com\/forms\/d\/1BI-7jwSvwoelshbxlqoIA-zbpZJ5HlC4kPbS6s8C0_s\/viewform\" target=\"_blank\">completar formulario<\/a><\/strong><\/p>\n<p>Consultas: <a href=\"..\/2012\/cursos@ffyh.unc.edu.ar\">cursos@ffyh.unc.edu.ar<\/a><\/p>\n","protected":false},"excerpt":{"rendered":"<p>Dra Ana Cecilia Olmos &#8211;\u00a05 al 9 de octubre de 2015<\/p>\n","protected":false},"author":5,"featured_media":0,"comment_status":"closed","ping_status":"closed","sticky":false,"template":"","format":"standard","meta":{"_acf_changed":false,"colormag_page_container_layout":"default_layout","colormag_page_sidebar_layout":"default_layout","_jetpack_memberships_contains_paid_content":false,"footnotes":""},"categories":[4],"tags":[17],"class_list":["post-4768","post","type-post","status-publish","format-standard","hentry","category-noticias","tag-cursos-de-posgrado"],"acf":[],"jetpack_featured_media_url":"","jetpack_sharing_enabled":true,"_links":{"self":[{"href":"https:\/\/ffyh.unc.edu.ar\/posgrado\/wp-json\/wp\/v2\/posts\/4768","targetHints":{"allow":["GET"]}}],"collection":[{"href":"https:\/\/ffyh.unc.edu.ar\/posgrado\/wp-json\/wp\/v2\/posts"}],"about":[{"href":"https:\/\/ffyh.unc.edu.ar\/posgrado\/wp-json\/wp\/v2\/types\/post"}],"author":[{"embeddable":true,"href":"https:\/\/ffyh.unc.edu.ar\/posgrado\/wp-json\/wp\/v2\/users\/5"}],"replies":[{"embeddable":true,"href":"https:\/\/ffyh.unc.edu.ar\/posgrado\/wp-json\/wp\/v2\/comments?post=4768"}],"version-history":[{"count":0,"href":"https:\/\/ffyh.unc.edu.ar\/posgrado\/wp-json\/wp\/v2\/posts\/4768\/revisions"}],"wp:attachment":[{"href":"https:\/\/ffyh.unc.edu.ar\/posgrado\/wp-json\/wp\/v2\/media?parent=4768"}],"wp:term":[{"taxonomy":"category","embeddable":true,"href":"https:\/\/ffyh.unc.edu.ar\/posgrado\/wp-json\/wp\/v2\/categories?post=4768"},{"taxonomy":"post_tag","embeddable":true,"href":"https:\/\/ffyh.unc.edu.ar\/posgrado\/wp-json\/wp\/v2\/tags?post=4768"}],"curies":[{"name":"wp","href":"https:\/\/api.w.org\/{rel}","templated":true}]}}