{"id":4812,"date":"2015-10-22T19:56:53","date_gmt":"2015-10-22T19:56:53","guid":{"rendered":"http:\/\/www.ffyh.unc.edu.ar\/posgrado\/?p=4812"},"modified":"2015-10-22T19:56:53","modified_gmt":"2015-10-22T19:56:53","slug":"defensa-de-tesis-doctorado-en-filosofia-13","status":"publish","type":"post","link":"https:\/\/ffyh.unc.edu.ar\/posgrado\/2015\/10\/22\/defensa-de-tesis-doctorado-en-filosofia-13\/","title":{"rendered":"Defensa de Tesis &#8211; Doctorado en Filosof\u00eda"},"content":{"rendered":"<p><strong><em>Licenciada Paula<\/em><\/strong><strong><em> Hunziker &#8211;\u00a029 de Octubre de 2015<\/em><\/strong><!--more--><\/p>\n<p>La Secretar\u00eda de Postgrado informa que la <strong><em>Licenciada Paula<\/em><\/strong><strong><em> Hunziker <\/em><\/strong>defender\u00e1 su Tesis de <strong><em>Doctorado en Filosof\u00eda, \u00a0<\/em><\/strong>titulada: <strong><em>\u201cFILOSOFIA, POLITICA Y PLATONISMO: investigaci\u00f3n sobre la lectura arendtiana de Kant, en el marco de su reflexi\u00f3n cr\u00edtica sobre la herencia filos\u00f3fica, durante los a\u00f1os cincuenta y sesenta\u201d. <\/em><\/strong>La direcci\u00f3n del trabajo estuvo a cargo del <strong><em>Profesor Doctor Diego Tati\u00e1n <\/em><\/strong>y la codirecci\u00f3n a cargo del<strong><em> Profesor Doctor Ricardo Forster .-<\/em><\/strong><\/p>\n<p>Actuar\u00e1n como Jurados los Profesores <strong><em>Doctora Julia Smola, la \u00a0Doctora Natalia Lerussi y la Mag\u00edster Beatriz Porcel.<\/em><\/strong><\/p>\n<p>La defensa tendr\u00e1 lugar el d\u00eda <strong><em>Jueves 29 de Octubre de 2015<\/em><\/strong>, \u00a0a las \u00a0<strong><em>11:00<\/em><\/strong> <strong><em>horas<\/em><\/strong>, en <strong><em>Sala \u201cLuly Horenstein<\/em><\/strong>\u201d de Postgrado\u00a0 de la Facultad de Filosof\u00eda y Humanidades<\/p>\n","protected":false},"excerpt":{"rendered":"<p>Licenciada Paula Hunziker &#8211;\u00a029 de Octubre de 2015<\/p>\n","protected":false},"author":5,"featured_media":0,"comment_status":"closed","ping_status":"closed","sticky":false,"template":"","format":"standard","meta":{"_acf_changed":false,"colormag_page_container_layout":"default_layout","colormag_page_sidebar_layout":"default_layout","_jetpack_memberships_contains_paid_content":false,"footnotes":""},"categories":[4],"tags":[20],"class_list":["post-4812","post","type-post","status-publish","format-standard","hentry","category-noticias","tag-defensa-de-tesis-doctoral"],"acf":[],"jetpack_featured_media_url":"","jetpack_sharing_enabled":true,"_links":{"self":[{"href":"https:\/\/ffyh.unc.edu.ar\/posgrado\/wp-json\/wp\/v2\/posts\/4812","targetHints":{"allow":["GET"]}}],"collection":[{"href":"https:\/\/ffyh.unc.edu.ar\/posgrado\/wp-json\/wp\/v2\/posts"}],"about":[{"href":"https:\/\/ffyh.unc.edu.ar\/posgrado\/wp-json\/wp\/v2\/types\/post"}],"author":[{"embeddable":true,"href":"https:\/\/ffyh.unc.edu.ar\/posgrado\/wp-json\/wp\/v2\/users\/5"}],"replies":[{"embeddable":true,"href":"https:\/\/ffyh.unc.edu.ar\/posgrado\/wp-json\/wp\/v2\/comments?post=4812"}],"version-history":[{"count":0,"href":"https:\/\/ffyh.unc.edu.ar\/posgrado\/wp-json\/wp\/v2\/posts\/4812\/revisions"}],"wp:attachment":[{"href":"https:\/\/ffyh.unc.edu.ar\/posgrado\/wp-json\/wp\/v2\/media?parent=4812"}],"wp:term":[{"taxonomy":"category","embeddable":true,"href":"https:\/\/ffyh.unc.edu.ar\/posgrado\/wp-json\/wp\/v2\/categories?post=4812"},{"taxonomy":"post_tag","embeddable":true,"href":"https:\/\/ffyh.unc.edu.ar\/posgrado\/wp-json\/wp\/v2\/tags?post=4812"}],"curies":[{"name":"wp","href":"https:\/\/api.w.org\/{rel}","templated":true}]}}