{"id":4937,"date":"2016-03-10T20:30:09","date_gmt":"2016-03-10T20:30:09","guid":{"rendered":"http:\/\/www.ffyh.unc.edu.ar\/posgrado\/?p=4937"},"modified":"2016-03-10T20:30:09","modified_gmt":"2016-03-10T20:30:09","slug":"defensas-de-tesis-de-doctorado-17032016","status":"publish","type":"post","link":"https:\/\/ffyh.unc.edu.ar\/posgrado\/2016\/03\/10\/defensas-de-tesis-de-doctorado-17032016\/","title":{"rendered":"Defensas de Tesis de Doctorado (17\/03\/2016)"},"content":{"rendered":"<p><span style=\"color: #800000\"><strong>Defensas de Tesis de Doctorado \u2013 17 de Marzo 2016<\/strong><\/span><!--more--><\/p>\n<p><strong>\u2014\u2014\u2014\u2014\u2014\u2014\u2014\u2014<\/strong><\/p>\n<p><strong>Licenciado Juan Ezequiel Rogna &#8211;\u00a017 de Marzo de 2016<\/strong><\/p>\n<p>La Secretar\u00eda de Postgrado informa que el Licenciado Juan Ezequiel Rogna defender\u00e1 su Tesis de <strong><em>Doctorado en Letras, \u00a0<\/em><\/strong>titulada: <strong><em>\u00a0\u201cLiteratura y Peronismo: Configuraciones de la cultura popular en la narrativa argentina de la d\u00e9cada del 2000\u201d.- <\/em><\/strong>La direcci\u00f3n del trabajo estuvo a cargo del <strong><em>Profesor \u00a0Doctor Pablo Edmundo Heredia <\/em><\/strong>y el<strong><em> Doctor Domingo Ighina.-<\/em><\/strong><\/p>\n<p>Actuar\u00e1n como Jurados los <strong><em>Profesores Doctor Eduardo Romano, el Doctor Claudio Ma\u00edz y la Doctora Andrea Bocco.-<\/em><\/strong><\/p>\n<p>La defensa tendr\u00e1 lugar el d\u00eda <strong><em>Jueves 17 de Marzo de 2016,<\/em><\/strong> \u00a0a las \u00a0<strong><em>10:00<\/em><\/strong> <strong><em>horas<\/em><\/strong>, en <strong><em>Sala A de Postgrado<\/em><\/strong>\u00a0 de la Facultad de Filosof\u00eda y Humanidades<\/p>\n<p>\u2014\u2014\u2014\u2014\u2014\u2014\u2014\u2014<\/p>\n<p><strong>Licenciada Silvina Celeste Castro &#8211;\u00a017 de Marzo de 2016<\/strong><\/p>\n<p>La Secretar\u00eda de Postgrado informa que la Licenciada Silvina Celeste Castro defender\u00e1 su Tesis de <strong><em>Doctorado en Ciencias Antropol\u00f3gicas, \u00a0<\/em><\/strong>titulada: <strong><em>\u00a0\u201cExplotaci\u00f3n de recursos l\u00edticos durante el holoceno en el l\u00edmite de vertientes cordilleranas. Valle del R\u00edo de Las Taguas, San Juan, Argentina\u201d.- <\/em><\/strong>La direcci\u00f3n del trabajo estuvo a cargo de la <strong><em>Profesora \u00a0Doctora<\/em><\/strong><strong><em> Valeria Cortegoso <\/em><\/strong>y la co-direcci\u00f3n<strong><em> a cargo del Doctor V\u00edctor A. Dur\u00e1n.-<\/em><\/strong><\/p>\n<p>Actuar\u00e1n como Jurados los <strong><em>Profesores Doctora Nora Flegenheimer, la Doctora Nora Franco y la Doctora Roxana Cattaneo.-<\/em><\/strong><\/p>\n<p>La defensa tendr\u00e1 lugar el d\u00eda <strong><em>Jueves 17 de Marzo de 2016,<\/em><\/strong> \u00a0a las \u00a0<strong><em>10:00<\/em><\/strong> <strong><em>horas<\/em><\/strong>, en <strong><em>Sala B \u00a0de Postgrado<\/em><\/strong>\u00a0 de la Facultad de Filosof\u00eda y Humanidades<\/p>\n<p>\u2014\u2014\u2014\u2014\u2014\u2014\u2014\u2014\u2014<\/p>\n<p><strong>Consultas: <a href=\"mailto:doctorar@ffyh.unc.edu.ar\">doctorar@ffyh.unc.edu.ar<\/a><\/strong><\/p>\n","protected":false},"excerpt":{"rendered":"<p>Defensas de Tesis de Doctorado \u2013 17 de Marzo 2016<\/p>\n","protected":false},"author":5,"featured_media":0,"comment_status":"closed","ping_status":"closed","sticky":false,"template":"","format":"standard","meta":{"_acf_changed":false,"colormag_page_container_layout":"default_layout","colormag_page_sidebar_layout":"default_layout","_jetpack_memberships_contains_paid_content":false,"footnotes":""},"categories":[4],"tags":[20],"class_list":["post-4937","post","type-post","status-publish","format-standard","hentry","category-noticias","tag-defensa-de-tesis-doctoral"],"acf":[],"jetpack_featured_media_url":"","jetpack_sharing_enabled":true,"_links":{"self":[{"href":"https:\/\/ffyh.unc.edu.ar\/posgrado\/wp-json\/wp\/v2\/posts\/4937","targetHints":{"allow":["GET"]}}],"collection":[{"href":"https:\/\/ffyh.unc.edu.ar\/posgrado\/wp-json\/wp\/v2\/posts"}],"about":[{"href":"https:\/\/ffyh.unc.edu.ar\/posgrado\/wp-json\/wp\/v2\/types\/post"}],"author":[{"embeddable":true,"href":"https:\/\/ffyh.unc.edu.ar\/posgrado\/wp-json\/wp\/v2\/users\/5"}],"replies":[{"embeddable":true,"href":"https:\/\/ffyh.unc.edu.ar\/posgrado\/wp-json\/wp\/v2\/comments?post=4937"}],"version-history":[{"count":0,"href":"https:\/\/ffyh.unc.edu.ar\/posgrado\/wp-json\/wp\/v2\/posts\/4937\/revisions"}],"wp:attachment":[{"href":"https:\/\/ffyh.unc.edu.ar\/posgrado\/wp-json\/wp\/v2\/media?parent=4937"}],"wp:term":[{"taxonomy":"category","embeddable":true,"href":"https:\/\/ffyh.unc.edu.ar\/posgrado\/wp-json\/wp\/v2\/categories?post=4937"},{"taxonomy":"post_tag","embeddable":true,"href":"https:\/\/ffyh.unc.edu.ar\/posgrado\/wp-json\/wp\/v2\/tags?post=4937"}],"curies":[{"name":"wp","href":"https:\/\/api.w.org\/{rel}","templated":true}]}}