{"id":4968,"date":"2016-04-05T17:09:53","date_gmt":"2016-04-05T17:09:53","guid":{"rendered":"http:\/\/www.ffyh.unc.edu.ar\/posgrado\/?p=4968"},"modified":"2016-04-05T17:09:53","modified_gmt":"2016-04-05T17:09:53","slug":"seminario-de-posgrado-teoria-social-contemporanea","status":"publish","type":"post","link":"https:\/\/ffyh.unc.edu.ar\/posgrado\/2016\/04\/05\/seminario-de-posgrado-teoria-social-contemporanea\/","title":{"rendered":"Seminario de posgrado  \u201cTeor\u00eda Social Contempor\u00e1nea\u201d"},"content":{"rendered":"<p><strong>Dr. Javier Cristiano &#8211; Inicia: 6 de abril de 2016<\/strong><!--more--><\/p>\n<p><strong><em>Especializaci\u00f3n en Antropolog\u00eda Social y\u00a0<\/em><\/strong><strong><em>\u00a0<\/em><\/strong><strong><em>Maestr\u00eda en Antropolog\u00eda\u00a0<\/em><\/strong><\/p>\n<p><strong><em>Seminario de Posgrado\u00a0<\/em><\/strong><\/p>\n<p><strong><em>\u00a0\u201cTeor\u00eda Social Contempor\u00e1nea<\/em><\/strong><strong><em>\u201d<\/em><\/strong><\/p>\n<p><strong><em>\u00a0<\/em><\/strong><strong><em>Dr. Javier Cristiano<br \/>\n<\/em><\/strong><\/p>\n<p><strong>El seminario\u00a0se trata de una introducci\u00f3n avanzada a algunos problemas y debates de la\u00a0teor\u00eda\u00a0social, representativos de la estructura y de la naturaleza del campo. Se trabajar\u00e1 sobre autores m\u00e1s que sobre problemas, en el supuesto de que cada perspectiva tiene una l\u00f3gica interna que es importante identificar para capturar su sentido. Se busca profundizar, incluyendo la lectura de las fuentes directas en los puntos clave de la bibliograf\u00eda. Se espera adicionalmente establecer puntos de contacto y distanciamiento respecto del estilo cognoscitivo y los problemas te\u00f3ricos propios de la Antropolog\u00eda Social.\u00a0<\/strong><\/p>\n<blockquote><p><strong>Programa: <a href=\"http:\/\/ffyh.unc.edu.ar\/posgrado\/wp-content\/uploads\/sites\/3\/2016\/04\/PROGRAMA-DEL-CURSO-TEOR\u00cdA-SOCIAL-2016.pdf\" target=\"_blank\">descargar<\/a><\/strong><\/p><\/blockquote>\n<p><strong><u>D\u00edas, horarios y lugar<\/u><\/strong><\/p>\n<p><strong>6, 7 y 8 de abril.<\/strong><\/p>\n<p><strong>11, 12 y 13 de mayo.<\/strong><\/p>\n<p><strong>1, 2 y 3 de Junio.<\/strong><\/p>\n<p><strong>Mi\u00e9rcoles, Jueves y viernes de 18 a 21.30 hs. <\/strong><strong>Pabell\u00f3n Residencial<\/strong><strong>. <\/strong><strong>Carga horaria: 45 hs.<\/strong><\/p>\n<p><strong><u>Alumnos de la maestr\u00eda y especializaci\u00f3n en antropolog\u00eda<\/u><\/strong><\/p>\n<p>Presentarse directamente el d\u00eda del cursado sin previa inscripci\u00f3n.<\/p>\n<p><strong><u>Modalidad de inscripci\u00f3n y arancel para alumnos externos<\/u><\/strong><br \/>\nPara inscribirse enviar mail a <a href=\"mailto:maeantro@ffyh.unc.edu.ar\">maeantro@ffyh.unc.edu.ar<\/a>\u00a0con asunto: \u00abInscripci\u00f3n Seminario\u00bb y consignar nombre completo y n\u00famero de CUIL. (Una vez enviado el mail se le dar\u00e1 de alta en el \u00c1rea Econ\u00f3mica para habilitar el pago del curso).<\/p>\n<p>Costo del curso: $750<\/p>\n<p>El pago se realiza de lunes a viernes en el Pabell\u00f3n Residencial de 11 a 17hs.<\/p>\n","protected":false},"excerpt":{"rendered":"<p>Dr. Javier Cristiano &#8211; Inicia: 6 de abril de 2016<\/p>\n","protected":false},"author":5,"featured_media":0,"comment_status":"closed","ping_status":"closed","sticky":false,"template":"","format":"standard","meta":{"_acf_changed":false,"colormag_page_container_layout":"default_layout","colormag_page_sidebar_layout":"default_layout","_jetpack_memberships_contains_paid_content":false,"footnotes":""},"categories":[4],"tags":[34,46],"class_list":["post-4968","post","type-post","status-publish","format-standard","hentry","category-noticias","tag-especializacion-en-antropologia-social","tag-maestria-en-antropologia"],"acf":[],"jetpack_featured_media_url":"","jetpack_sharing_enabled":true,"_links":{"self":[{"href":"https:\/\/ffyh.unc.edu.ar\/posgrado\/wp-json\/wp\/v2\/posts\/4968","targetHints":{"allow":["GET"]}}],"collection":[{"href":"https:\/\/ffyh.unc.edu.ar\/posgrado\/wp-json\/wp\/v2\/posts"}],"about":[{"href":"https:\/\/ffyh.unc.edu.ar\/posgrado\/wp-json\/wp\/v2\/types\/post"}],"author":[{"embeddable":true,"href":"https:\/\/ffyh.unc.edu.ar\/posgrado\/wp-json\/wp\/v2\/users\/5"}],"replies":[{"embeddable":true,"href":"https:\/\/ffyh.unc.edu.ar\/posgrado\/wp-json\/wp\/v2\/comments?post=4968"}],"version-history":[{"count":0,"href":"https:\/\/ffyh.unc.edu.ar\/posgrado\/wp-json\/wp\/v2\/posts\/4968\/revisions"}],"wp:attachment":[{"href":"https:\/\/ffyh.unc.edu.ar\/posgrado\/wp-json\/wp\/v2\/media?parent=4968"}],"wp:term":[{"taxonomy":"category","embeddable":true,"href":"https:\/\/ffyh.unc.edu.ar\/posgrado\/wp-json\/wp\/v2\/categories?post=4968"},{"taxonomy":"post_tag","embeddable":true,"href":"https:\/\/ffyh.unc.edu.ar\/posgrado\/wp-json\/wp\/v2\/tags?post=4968"}],"curies":[{"name":"wp","href":"https:\/\/api.w.org\/{rel}","templated":true}]}}