{"id":4996,"date":"2016-04-21T16:40:45","date_gmt":"2016-04-21T16:40:45","guid":{"rendered":"http:\/\/www.ffyh.unc.edu.ar\/posgrado\/?p=4996"},"modified":"2016-04-21T16:40:45","modified_gmt":"2016-04-21T16:40:45","slug":"defensa-de-tesis-doctorado-en-cs-antropologicas-2","status":"publish","type":"post","link":"https:\/\/ffyh.unc.edu.ar\/posgrado\/2016\/04\/21\/defensa-de-tesis-doctorado-en-cs-antropologicas-2\/","title":{"rendered":"Defensa de Tesis &#8211; Doctorado en Cs. Antropol\u00f3gicas"},"content":{"rendered":"<p><strong><em>Licenciado Luis Eduardo Mafferra &#8211;\u00a0Viernes 29 de Abril de 2016<\/em><\/strong><!--more--><\/p>\n<p>La Secretar\u00eda de Postgrado informa que el <strong><em>Licenciado Luis Eduardo Mafferra<\/em><\/strong> defender\u00e1 su Tesis de <strong><em>Doctorado en Ciencias Antropol\u00f3gicas, \u00a0<\/em><\/strong>titulada: <strong><em>\u00a0\u201cReconstrucci\u00f3n de los paisajes culturales forestales del Norte de Mendoza\u201d.- <\/em><\/strong>La direcci\u00f3n del trabajo estuvo a cargo del <strong><em>Profesor Doctor Horacio Chiavazza y la codicrecci\u00f3n a cargo de la Doctora Bernarda Marconetto.-<\/em><\/strong><\/p>\n<p>Actuar\u00e1n como Jurados los <strong><em>Profesores Doctora Laura Quiroga, la Doctora Ver\u00f3nica Lema y la Dctora Mar\u00eda Marschoff.-<\/em><\/strong><\/p>\n<p>La defensa tendr\u00e1 lugar el d\u00eda <strong><em>Viernes 29 de Abril de 2016<\/em><\/strong>, \u00a0a las \u00a0<strong><em>10:00<\/em><\/strong> <strong><em>horas<\/em><\/strong>, en <strong><em>Sala A \u00a0de Postgrado<\/em><\/strong>\u00a0 de la Facultad de Filosof\u00eda y Humanidades<\/p>\n","protected":false},"excerpt":{"rendered":"<p>Licenciado Luis Eduardo Mafferra &#8211;\u00a0Viernes 29 de Abril de 2016<\/p>\n","protected":false},"author":5,"featured_media":0,"comment_status":"closed","ping_status":"closed","sticky":false,"template":"","format":"standard","meta":{"_acf_changed":false,"colormag_page_container_layout":"default_layout","colormag_page_sidebar_layout":"default_layout","_jetpack_memberships_contains_paid_content":false,"footnotes":""},"categories":[4],"tags":[20],"class_list":["post-4996","post","type-post","status-publish","format-standard","hentry","category-noticias","tag-defensa-de-tesis-doctoral"],"acf":[],"jetpack_featured_media_url":"","jetpack_sharing_enabled":true,"_links":{"self":[{"href":"https:\/\/ffyh.unc.edu.ar\/posgrado\/wp-json\/wp\/v2\/posts\/4996","targetHints":{"allow":["GET"]}}],"collection":[{"href":"https:\/\/ffyh.unc.edu.ar\/posgrado\/wp-json\/wp\/v2\/posts"}],"about":[{"href":"https:\/\/ffyh.unc.edu.ar\/posgrado\/wp-json\/wp\/v2\/types\/post"}],"author":[{"embeddable":true,"href":"https:\/\/ffyh.unc.edu.ar\/posgrado\/wp-json\/wp\/v2\/users\/5"}],"replies":[{"embeddable":true,"href":"https:\/\/ffyh.unc.edu.ar\/posgrado\/wp-json\/wp\/v2\/comments?post=4996"}],"version-history":[{"count":0,"href":"https:\/\/ffyh.unc.edu.ar\/posgrado\/wp-json\/wp\/v2\/posts\/4996\/revisions"}],"wp:attachment":[{"href":"https:\/\/ffyh.unc.edu.ar\/posgrado\/wp-json\/wp\/v2\/media?parent=4996"}],"wp:term":[{"taxonomy":"category","embeddable":true,"href":"https:\/\/ffyh.unc.edu.ar\/posgrado\/wp-json\/wp\/v2\/categories?post=4996"},{"taxonomy":"post_tag","embeddable":true,"href":"https:\/\/ffyh.unc.edu.ar\/posgrado\/wp-json\/wp\/v2\/tags?post=4996"}],"curies":[{"name":"wp","href":"https:\/\/api.w.org\/{rel}","templated":true}]}}