{"id":5003,"date":"2016-05-02T00:22:46","date_gmt":"2016-05-02T00:22:46","guid":{"rendered":"http:\/\/www.ffyh.unc.edu.ar\/posgrado\/?p=5003"},"modified":"2016-05-02T00:22:46","modified_gmt":"2016-05-02T00:22:46","slug":"curso-de-posgrado-temporalidad-plural-la-tradicion-marxista-a-contrapelo","status":"publish","type":"post","link":"https:\/\/ffyh.unc.edu.ar\/posgrado\/2016\/05\/02\/curso-de-posgrado-temporalidad-plural-la-tradicion-marxista-a-contrapelo\/","title":{"rendered":"Curso de Posgrado &#8211; Temporalidad plural: la tradici\u00f3n marxista \u201ca contrapelo\u201d"},"content":{"rendered":"<p><strong>Vittorio Morfino<\/strong> &#8211; <strong>9 al 13 de mayo de 2016<\/strong><!--more--><br \/>\n<a href=\"http:\/\/ffyh.unc.edu.ar\/posgrado\/wp-content\/uploads\/sites\/3\/2016\/05\/iic_logo.gif\"><img decoding=\"async\" class=\" wp-image-5012 alignleft\" src=\"http:\/\/ffyh.unc.edu.ar\/posgrado\/wp-content\/uploads\/sites\/3\/2016\/05\/iic_logo.gif\" alt=\"iic_logo\" width=\"117\" height=\"117\" \/><\/a><a href=\"http:\/\/ffyh.unc.edu.ar\/posgrado\/wp-content\/uploads\/sites\/3\/2016\/05\/LOGO70-COLOR.jpg.jpg\"><img decoding=\"async\" class=\"wp-image-5011 aligncenter\" src=\"http:\/\/ffyh.unc.edu.ar\/posgrado\/wp-content\/uploads\/sites\/3\/2016\/05\/LOGO70-COLOR.jpg.jpg\" alt=\"LOGO70 COLOR.jpg\" width=\"176\" height=\"107\" srcset=\"https:\/\/ffyh.unc.edu.ar\/posgrado\/wp-content\/uploads\/sites\/3\/2016\/05\/LOGO70-COLOR.jpg.jpg 1181w, https:\/\/ffyh.unc.edu.ar\/posgrado\/wp-content\/uploads\/sites\/3\/2016\/05\/LOGO70-COLOR.jpg-300x182.jpg 300w, https:\/\/ffyh.unc.edu.ar\/posgrado\/wp-content\/uploads\/sites\/3\/2016\/05\/LOGO70-COLOR.jpg-768x466.jpg 768w, https:\/\/ffyh.unc.edu.ar\/posgrado\/wp-content\/uploads\/sites\/3\/2016\/05\/LOGO70-COLOR.jpg-1024x621.jpg 1024w\" sizes=\"(max-width: 176px) 100vw, 176px\" \/><\/a><\/p>\n<p>&nbsp;<\/p>\n<p>Instituto Italiano de Cultura de C\u00f3rdoba y Facultad de Filosof\u00eda y Humanidades, UNC, organizan:<\/p>\n<p><strong><em>Curso de Posgrado<\/em><\/strong><\/p>\n<p><strong>Temporalidad plural: la tradici\u00f3n marxista \u201ca contrapelo\u201d<\/strong><\/p>\n<p><strong>\u00a0<\/strong><\/p>\n<p><strong>Vittorio Morfino<br \/>\n<\/strong>Profesor en la Universit\u00e0 di Milano Bicocca<\/p>\n<p><strong>\u00a0<\/strong><\/p>\n<p>El presente curso tendr\u00e1 como objeto general una lectura de la cuesti\u00f3n de la temporalidad plural en la tradici\u00f3n marxista.\u00a0 Para este fin se propondr\u00e1 una suscinta reconstrucci\u00f3n de los grandes paradigmas de la temporalidad propuestos por la tradici\u00f3n: el tiempo antiguo como c\u00edrculo, el tiempo moderno como flecha orientada. Este segundo paradigma domina la filosof\u00eda de la historia moderna, de Lessing a Kant, de Hegel a Marx y el marxismo sucesivo.\u00a0 Se tratar\u00e1, por tanto, explorando en la tradici\u00f3n marxista y, por as\u00ed decirlo, \u201cpein\u00e1ndola a contrapelo\u201d, de hacer emerger otro modelo de temporalidad, constituyendo, con el mismo golpe de fuerza te\u00f3rico, una prehistoria que va de Lucrecio a Maquiavelo, de Spinoza a Herder y a Darwin. La invenci\u00f3n de esta tradici\u00f3n facilitar\u00e1 los instrumentos conceptuales que permitir\u00e1n leer de modo diverso al mismo Marx y a algunos autores de la tradici\u00f3n marxista, desde Bloch hasta Gramsci y desde\u00a0 Althusser hasta Chakrabarty.<\/p>\n<blockquote><p><strong>Programa: <\/strong><a href=\"https:\/\/docs.google.com\/document\/d\/1PXjA_8x8A1JGotiT3JQMs28yS86i83Ey-M0npyN-pgI\/edit?usp=sharing\" target=\"_blank\"><strong><u>consultar<\/u><\/strong><\/a><\/p><\/blockquote>\n<p>&nbsp;<\/p>\n<p><strong><u>D\u00edas, horarios y lugar<\/u><\/strong><\/p>\n<p><strong>9 al 13 de mayo de 2016<\/strong><\/p>\n<p>Lunes a mi\u00e9rcoles: 18 a 21hs \u2013 Pabell\u00f3n Residencial<\/p>\n<p>Jueves: 15 a 18hs \u2013 Pabell\u00f3n Residencial<\/p>\n<p>Viernes: 18 a 21hs \u2013 Aula 10, Casa Verde<em>\u00a0<\/em><\/p>\n<p><strong>&#8230;&#8230;..<\/strong><\/p>\n<p>Carga horaria: 20hs.<\/p>\n<p>Gratuito<\/p>\n<p>&#8230;&#8230;..<\/p>\n<p><strong>INSCRIPCI\u00d3N: <\/strong><a href=\"https:\/\/docs.google.com\/a\/ffyh.unc.edu.ar\/forms\/d\/165lYG3F160yxdKHJySmRoOgSs_lGKtKD0p7fKs24-NE\/viewform\"><strong><u>ingresar<\/u><\/strong><\/a><\/p>\n<p><strong>Consultas: <a href=\"http:\/\/cursos@ffyh.unc.edu.ar\">cursos@ffyh.unc.edu.ar<\/a><\/strong><\/p>\n<p>&nbsp;<\/p>\n","protected":false},"excerpt":{"rendered":"<p>Vittorio Morfino &#8211; 9 al 13 de mayo de 2016<\/p>\n","protected":false},"author":5,"featured_media":0,"comment_status":"closed","ping_status":"closed","sticky":false,"template":"","format":"standard","meta":{"_acf_changed":false,"colormag_page_container_layout":"default_layout","colormag_page_sidebar_layout":"default_layout","_jetpack_memberships_contains_paid_content":false,"footnotes":""},"categories":[4],"tags":[17],"class_list":["post-5003","post","type-post","status-publish","format-standard","hentry","category-noticias","tag-cursos-de-posgrado"],"acf":[],"jetpack_featured_media_url":"","jetpack_sharing_enabled":true,"_links":{"self":[{"href":"https:\/\/ffyh.unc.edu.ar\/posgrado\/wp-json\/wp\/v2\/posts\/5003","targetHints":{"allow":["GET"]}}],"collection":[{"href":"https:\/\/ffyh.unc.edu.ar\/posgrado\/wp-json\/wp\/v2\/posts"}],"about":[{"href":"https:\/\/ffyh.unc.edu.ar\/posgrado\/wp-json\/wp\/v2\/types\/post"}],"author":[{"embeddable":true,"href":"https:\/\/ffyh.unc.edu.ar\/posgrado\/wp-json\/wp\/v2\/users\/5"}],"replies":[{"embeddable":true,"href":"https:\/\/ffyh.unc.edu.ar\/posgrado\/wp-json\/wp\/v2\/comments?post=5003"}],"version-history":[{"count":0,"href":"https:\/\/ffyh.unc.edu.ar\/posgrado\/wp-json\/wp\/v2\/posts\/5003\/revisions"}],"wp:attachment":[{"href":"https:\/\/ffyh.unc.edu.ar\/posgrado\/wp-json\/wp\/v2\/media?parent=5003"}],"wp:term":[{"taxonomy":"category","embeddable":true,"href":"https:\/\/ffyh.unc.edu.ar\/posgrado\/wp-json\/wp\/v2\/categories?post=5003"},{"taxonomy":"post_tag","embeddable":true,"href":"https:\/\/ffyh.unc.edu.ar\/posgrado\/wp-json\/wp\/v2\/tags?post=5003"}],"curies":[{"name":"wp","href":"https:\/\/api.w.org\/{rel}","templated":true}]}}