{"id":5096,"date":"2016-07-04T14:47:38","date_gmt":"2016-07-04T14:47:38","guid":{"rendered":"http:\/\/www.ffyh.unc.edu.ar\/posgrado\/?p=5096"},"modified":"2016-07-04T14:47:38","modified_gmt":"2016-07-04T14:47:38","slug":"curso-de-posgrado-competencias-conceptuales","status":"publish","type":"post","link":"https:\/\/ffyh.unc.edu.ar\/posgrado\/2016\/07\/04\/curso-de-posgrado-competencias-conceptuales\/","title":{"rendered":"Curso de Posgrado \u00abCompetencias conceptuales\u00bb"},"content":{"rendered":"<p><strong>Dr. Gustavo A. Ag\u00fcero &#8211; Inicia: 9 de agosto de 2016<\/strong><!--more--><\/p>\n<blockquote><p><strong>INSCRIPCI\u00d3N: <a href=\"https:\/\/docs.google.com\/a\/ffyh.unc.edu.ar\/forms\/d\/16Q4vYZ4Sj7WNoxg4v5cQkYDhO4_i-R0LygiZferkbeo\/viewform\">completar formulario<\/a><\/strong><\/p><\/blockquote>\n<p><strong><em>Curso de Posgrado<\/em><\/strong><\/p>\n<p><strong>Competencias conceptuales <\/strong><\/p>\n<p>Lo que podemos hacer con conceptos<\/p>\n<p><strong>\u00a0<\/strong><\/p>\n<p><strong>Dr. Gustavo A. Ag\u00fcero<\/strong><\/p>\n<p><strong>\u00a0<\/strong><\/p>\n<p>El empleo de conceptos es determinante para nuestra forma de vida. Dicho rasgo conceptual en nuestro comportamiento est\u00e1 en la base de nuestra constituci\u00f3n como seres racionales. Son las competencias que adquirimos las que permiten no solo la comunicaci\u00f3n y el pensamiento sino tambi\u00e9n la percepci\u00f3n y toda forma de pr\u00e1ctica social. Adquirir y desarrollar competencias conceptuales es en definitiva lo que nos permite comprender, otorgar significado, y por tanto el pensamiento y la acci\u00f3n.<\/p>\n<blockquote><p><strong>Programa:<a href=\"http:\/\/ffyh.unc.edu.ar\/posgrado\/wp-content\/uploads\/sites\/3\/2016\/07\/CURSO-DE-POST-2016-1.docx\"> consultar<\/a><\/strong><\/p><\/blockquote>\n<p><strong><u>D\u00edas, horarios y lugar<\/u><\/strong><\/p>\n<p><strong>Inicia: 9 de agosto \u2013 Finaliza: 8 de noviembre<\/strong><strong><u><br \/>\n<\/u><\/strong><\/p>\n<p>Martes: 16 a 20hs<em>\u00a0<\/em><\/p>\n<p>Pabell\u00f3n Residencial, Facultad de Filosof\u00eda y Humanidades<\/p>\n<p><strong>&#8230;&#8230;..<\/strong><\/p>\n<p>Carga horaria: 40hs.<\/p>\n<p><strong>&#8230;&#8230;..<\/strong><\/p>\n<p><strong><u>Destinatarios<\/u><\/strong><\/p>\n<p>El presente curso tiene como destinatarios principales a egresados de carreras human\u00edsticas y de ciencias sociales y espec\u00edficamente a quienes realizan trabajos de investigaci\u00f3n sobre problem\u00e1ticas vinculadas a lecto-comprensi\u00f3n, lenguaje y pensamiento, aprendizaje y desarrollo de competencias conceptuales.<\/p>\n<p><strong>&#8230;&#8230;..<\/strong><\/p>\n<p><strong><u>Aranceles<\/u><\/strong><br \/>\n$700<\/p>\n<p>Gratuito para Egresados, Doctorandos, Docentes y Adscriptos de la FFyH* enviando comprobante de situaci\u00f3n a <a href=\"mailto:cursos@ffyh.unc.edu.ar\">cursos@ffyh.unc.edu.ar<\/a><\/p>\n<p><em>* FFYH: Facultad de Filosof\u00eda y Humanidades, Universidad Nacional de C\u00f3rdoba<\/em><em>\u00a0\u00a0\u00a0\u00a0\u00a0\u00a0\u00a0\u00a0\u00a0\u00a0\u00a0 <\/em><\/p>\n<p><strong>&#8230;&#8230;..<\/strong><\/p>\n<p><strong>INSCRIPCI\u00d3N: <a href=\"https:\/\/docs.google.com\/a\/ffyh.unc.edu.ar\/forms\/d\/16Q4vYZ4Sj7WNoxg4v5cQkYDhO4_i-R0LygiZferkbeo\/viewform\">completar formulario<\/a><\/strong><\/p>\n<p><strong>Consultas: <a href=\"..\/2012\/cursos@ffyh.unc.edu.ar\">cursos@ffyh.unc.edu.ar<\/a>\u00a0<\/strong><\/p>\n","protected":false},"excerpt":{"rendered":"<p>Dr. Gustavo A. Ag\u00fcero &#8211; Inicia: 9 de agosto de 2016<\/p>\n","protected":false},"author":5,"featured_media":0,"comment_status":"closed","ping_status":"closed","sticky":false,"template":"","format":"standard","meta":{"_acf_changed":false,"colormag_page_container_layout":"default_layout","colormag_page_sidebar_layout":"default_layout","_jetpack_memberships_contains_paid_content":false,"footnotes":""},"categories":[4],"tags":[17],"class_list":["post-5096","post","type-post","status-publish","format-standard","hentry","category-noticias","tag-cursos-de-posgrado"],"acf":[],"jetpack_featured_media_url":"","jetpack_sharing_enabled":true,"_links":{"self":[{"href":"https:\/\/ffyh.unc.edu.ar\/posgrado\/wp-json\/wp\/v2\/posts\/5096","targetHints":{"allow":["GET"]}}],"collection":[{"href":"https:\/\/ffyh.unc.edu.ar\/posgrado\/wp-json\/wp\/v2\/posts"}],"about":[{"href":"https:\/\/ffyh.unc.edu.ar\/posgrado\/wp-json\/wp\/v2\/types\/post"}],"author":[{"embeddable":true,"href":"https:\/\/ffyh.unc.edu.ar\/posgrado\/wp-json\/wp\/v2\/users\/5"}],"replies":[{"embeddable":true,"href":"https:\/\/ffyh.unc.edu.ar\/posgrado\/wp-json\/wp\/v2\/comments?post=5096"}],"version-history":[{"count":0,"href":"https:\/\/ffyh.unc.edu.ar\/posgrado\/wp-json\/wp\/v2\/posts\/5096\/revisions"}],"wp:attachment":[{"href":"https:\/\/ffyh.unc.edu.ar\/posgrado\/wp-json\/wp\/v2\/media?parent=5096"}],"wp:term":[{"taxonomy":"category","embeddable":true,"href":"https:\/\/ffyh.unc.edu.ar\/posgrado\/wp-json\/wp\/v2\/categories?post=5096"},{"taxonomy":"post_tag","embeddable":true,"href":"https:\/\/ffyh.unc.edu.ar\/posgrado\/wp-json\/wp\/v2\/tags?post=5096"}],"curies":[{"name":"wp","href":"https:\/\/api.w.org\/{rel}","templated":true}]}}