{"id":5164,"date":"2016-08-05T20:37:49","date_gmt":"2016-08-05T20:37:49","guid":{"rendered":"http:\/\/www.ffyh.unc.edu.ar\/posgrado\/?p=5164"},"modified":"2016-08-05T20:37:49","modified_gmt":"2016-08-05T20:37:49","slug":"curso-de-posgrado-la-experiencia-aeronautica-militar-y-la-experiencia-etnografica-reflexividades-en-reciprocidad","status":"publish","type":"post","link":"https:\/\/ffyh.unc.edu.ar\/posgrado\/2016\/08\/05\/curso-de-posgrado-la-experiencia-aeronautica-militar-y-la-experiencia-etnografica-reflexividades-en-reciprocidad\/","title":{"rendered":"Curso de Posgrado \u201cLa experiencia aeron\u00e1utica militar y la experiencia etnogr\u00e1fica: reflexividades en reciprocidad\u201d"},"content":{"rendered":"<p><strong><em>Dra. Rosana Guber &#8211;\u00a05 al 9 de septiembre de 2016<\/em><\/strong><!--more--><\/p>\n<p>Doctorado\u00a0en Ciencias Antropol\u00f3gicas<br \/>\nMaestr\u00eda en Antropolog\u00eda<br \/>\nEspecializaci\u00f3n en Antropolog\u00eda Social<\/p>\n<p><strong><em>Curso de Posgrado<\/em><\/strong><\/p>\n<p><strong><em>\u00a0\u201c<\/em><\/strong><strong><em>La experiencia aeron\u00e1utica militar y la experiencia etnogr\u00e1fica: reflexividades en reciprocidad<\/em><\/strong><strong><em>\u201d<\/em><\/strong><\/p>\n<p><strong><em>\u00a0<\/em><\/strong><\/p>\n<p><strong><em>Dra. Rosana Guber<\/em><\/strong><\/p>\n<p><strong><em>\u00a0<\/em><\/strong><\/p>\n<p>Este seminario se propone acercar a los asistentes al proceso de investigaci\u00f3n antropol\u00f3gica que la docente llev\u00f3 a cabo entre 2008 y 2015 acerca de los \u201chalcones\u201d del Grupo 5 de Caza de la V Brigada A\u00e9rea de Va.Reynolds, San Luis, durante el conflicto anglo-argentino que se conoce como la Guerra de Malvinas. Al modo del volumen <em>La articulaci\u00f3n etnogr\u00e1fica <\/em>de R.Guber sobre la investigaci\u00f3n de Esther Hermitte en Chiapas entre 1959 y 1965, este curso pretende mostrar la investigaci\u00f3n etnogr\u00e1fica como un proceso de an\u00e1lisis te\u00f3rico, personal, metodol\u00f3gico y moral que involucra a la investigadora y a los sujetos de estudio preestablecidos y eventuales, y que concluye con un texto particular, la etnograf\u00eda. Este curso muestra, mediante situaciones etnogr\u00e1ficas concretas presenciales, virtuales y textuales, c\u00f3mo se produjo la aproximaci\u00f3n entre las reflexividades de la investigadora y la de sus interlocutores.<\/p>\n<blockquote><p><strong>Programa:\u00a0<a href=\"https:\/\/drive.google.com\/file\/d\/0B7UfXNY2zqoDUmEtMHNTaWVOUHlRNS0xSFQwSFo5RUxtZFln\/view?usp=sharing\">consultar<\/a><\/strong><\/p><\/blockquote>\n<p><strong><u>D\u00edas, horarios y lugar<\/u><\/strong><\/p>\n<p><strong>5 al 9 de septiembre de 2016<\/strong><\/p>\n<p>Lunes a viernes: 9 a 13hs.\u00a0Sala D, Pabell\u00f3n Residencial<\/p>\n<p>&nbsp;<\/p>\n<p><strong>Carga horaria: 60 hs.<\/strong><strong>\u00a0<\/strong><\/p>\n<blockquote><p><strong>Inscripci\u00f3n:\u00a0<a href=\"https:\/\/docs.google.com\/a\/ffyh.unc.edu.ar\/forms\/d\/e\/1FAIpQLSfrCLuffWrUmPHU2XH17zfCKBE2RqkE0BeO9Iz3S4sIUqaMjw\/viewform\">ingresar<\/a><\/strong><\/p><\/blockquote>\n<p>&nbsp;<\/p>\n<p><strong><u>Arancel: <\/u><\/strong>$750<\/p>\n<p><em>Alumnos de Maestr\u00eda en Antropolog\u00eda y Especializaci\u00f3n en Antropolog\u00eda Social deber\u00e1n abonar de acuerdo al plan de cuotas de las carreras.<\/em><\/p>\n<p>&#8230;&#8230;..<\/p>\n<p><strong>Consultas:<\/strong>\u00a0<a href=\"mailto:cursos@ffyh.unc.edu.ar\">cursos@ffyh.unc.edu.ar<\/a>\u00a0 &#8211; <a href=\"mailto:maeantro@ffyh.unc.edu.ar\">maeantro@ffyh.unc.edu.ar<\/a><\/p>\n","protected":false},"excerpt":{"rendered":"<p>Dra. Rosana Guber &#8211;\u00a05 al 9 de septiembre de 2016<\/p>\n","protected":false},"author":5,"featured_media":0,"comment_status":"closed","ping_status":"closed","sticky":false,"template":"","format":"standard","meta":{"_acf_changed":false,"colormag_page_container_layout":"default_layout","colormag_page_sidebar_layout":"default_layout","_jetpack_memberships_contains_paid_content":false,"footnotes":""},"categories":[4],"tags":[17,24,34,46],"class_list":["post-5164","post","type-post","status-publish","format-standard","hentry","category-noticias","tag-cursos-de-posgrado","tag-doctorado-en-cs-antropologicas","tag-especializacion-en-antropologia-social","tag-maestria-en-antropologia"],"acf":[],"jetpack_featured_media_url":"","jetpack_sharing_enabled":true,"_links":{"self":[{"href":"https:\/\/ffyh.unc.edu.ar\/posgrado\/wp-json\/wp\/v2\/posts\/5164","targetHints":{"allow":["GET"]}}],"collection":[{"href":"https:\/\/ffyh.unc.edu.ar\/posgrado\/wp-json\/wp\/v2\/posts"}],"about":[{"href":"https:\/\/ffyh.unc.edu.ar\/posgrado\/wp-json\/wp\/v2\/types\/post"}],"author":[{"embeddable":true,"href":"https:\/\/ffyh.unc.edu.ar\/posgrado\/wp-json\/wp\/v2\/users\/5"}],"replies":[{"embeddable":true,"href":"https:\/\/ffyh.unc.edu.ar\/posgrado\/wp-json\/wp\/v2\/comments?post=5164"}],"version-history":[{"count":0,"href":"https:\/\/ffyh.unc.edu.ar\/posgrado\/wp-json\/wp\/v2\/posts\/5164\/revisions"}],"wp:attachment":[{"href":"https:\/\/ffyh.unc.edu.ar\/posgrado\/wp-json\/wp\/v2\/media?parent=5164"}],"wp:term":[{"taxonomy":"category","embeddable":true,"href":"https:\/\/ffyh.unc.edu.ar\/posgrado\/wp-json\/wp\/v2\/categories?post=5164"},{"taxonomy":"post_tag","embeddable":true,"href":"https:\/\/ffyh.unc.edu.ar\/posgrado\/wp-json\/wp\/v2\/tags?post=5164"}],"curies":[{"name":"wp","href":"https:\/\/api.w.org\/{rel}","templated":true}]}}