{"id":5219,"date":"2016-08-31T20:22:32","date_gmt":"2016-08-31T20:22:32","guid":{"rendered":"http:\/\/www.ffyh.unc.edu.ar\/posgrado\/?p=5219"},"modified":"2016-08-31T20:22:32","modified_gmt":"2016-08-31T20:22:32","slug":"defensa-de-tesis-doctorado-3","status":"publish","type":"post","link":"https:\/\/ffyh.unc.edu.ar\/posgrado\/2016\/08\/31\/defensa-de-tesis-doctorado-3\/","title":{"rendered":"Defensa de Tesis Doctorado"},"content":{"rendered":"<p><span style=\"color: #993300\"><strong><em>Licenciado Arnaldo Dar\u00edo Jaramillo &#8211;\u00a0Doctorado en Ciencias de la Educaci\u00f3n &#8211; 9 de Septiembre 2016<\/em><\/strong><\/span><\/p>\n<p><span style=\"color: #993300\"><strong><em>Licenciado Carlos Sebasti\u00e1n Cer\u00f3n &#8211;\u00a0Doctorado en Letras &#8211; 13 de Septiembre de 2016<\/em><\/strong><\/span><!--more--><\/p>\n<hr \/>\n<p><strong><em>Licenciado Arnaldo Dar\u00edo Jaramillo &#8211;\u00a0Viernes 9 de Septiembre 2016<\/em><\/strong><\/p>\n<p>La Secretar\u00eda de Postgrado informa que el <strong><em>Licenciado Arnaldo Dar\u00edo Jaramillo<\/em><\/strong> defender\u00e1 su Tesis de <strong><em>Doctorado en Ciencias de la Educaci\u00f3n, \u00a0<\/em><\/strong>titulada: <strong><em>\u00a0\u201cLa relaci\u00f3n entre el estudio y el trabajo en estudiantes de Ciencias de la Educaci\u00f3n de la Universidad Nacional de Jujuy\u201d.- <\/em><\/strong>La direcci\u00f3n del trabajo estuvo a cargo de la <strong><em>Profesora Doctora<\/em><\/strong><strong><em> Ana Mar\u00eda Zoppi <\/em><\/strong>y la codirecci\u00f3n a cargo de la Doctora Mar\u00eda Isabel Da Cunha.<\/p>\n<p>Actuar\u00e1n como Jurados los <strong><em>Profesores Doctora Silvia Servetto, la Doctora Alicia Ac\u00edn y el Doctor Luis Javier Garc\u00e9s.-<\/em><\/strong><\/p>\n<p>La defensa tendr\u00e1 lugar el d\u00eda <strong><em>Viernes 9 de Septiembre 2016, a las 10 horas<\/em><\/strong>, en <strong><em>Sala A \u00a0de Postgrado<\/em><\/strong>\u00a0 de la Facultad de Filosof\u00eda y Humanidades<\/p>\n<hr \/>\n<p><strong><em>Licenciado Carlos Sebasti\u00e1n Cer\u00f3n &#8211;\u00a0Martes 13 de Septiembre de 2016<\/em><\/strong><\/p>\n<p>La Secretar\u00eda de Postgrado informa que el <strong><em>Licenciado Carlos Sebasti\u00e1n Cer\u00f3n<\/em><\/strong> defender\u00e1 su Tesis de <strong><em>Doctorado en Letras, \u00a0<\/em><\/strong>titulada: <strong><em>\u00a0\u201cLa narrativa macedoniana, aproximaciones te\u00f3ricas a la construcci\u00f3n de una literatura en proceso\u201d.- <\/em><\/strong>La direcci\u00f3n del trabajo estuvo a cargo de la <strong><em>Profesores Doctora<\/em><\/strong><strong><em> Rosa M\u00f3nica Cant\u00f3n <\/em><\/strong>y la codirecci\u00f3n a cargo del <strong><em>Doctor Juan Mariel Erostarbe.-<\/em><\/strong><\/p>\n<p>Actuar\u00e1n como Jurados los <strong><em>Profesores Doctora Ana Camblong, la Doctora Silvia Rarei y el Doctor Jorge Bracamonte.-<\/em><\/strong><\/p>\n<p>La defensa tendr\u00e1 lugar el d\u00eda <strong><em>Martes 13 de Septiembre de 2016, a las 10 horas<\/em><\/strong>, en <strong><em>Sala A \u00a0de Postgrado<\/em><\/strong>\u00a0 de la Facultad de Filosof\u00eda y Humanidades<\/p>\n<hr \/>\n<p><strong>Consultas: <a href=\"mailto:doctorar@ffyh.unc.edu.ar\">doctorar@ffyh.unc.edu.ar\u00a0<\/a><\/strong><\/p>\n","protected":false},"excerpt":{"rendered":"<p>Licenciado Arnaldo Dar\u00edo Jaramillo &#8211;\u00a0Doctorado en Ciencias de la Educaci\u00f3n &#8211; 9 de Septiembre 2016 Licenciado Carlos Sebasti\u00e1n Cer\u00f3n &#8211;\u00a0Doctorado<\/p>\n","protected":false},"author":5,"featured_media":0,"comment_status":"closed","ping_status":"closed","sticky":false,"template":"","format":"standard","meta":{"_acf_changed":false,"colormag_page_container_layout":"default_layout","colormag_page_sidebar_layout":"default_layout","_jetpack_memberships_contains_paid_content":false,"footnotes":""},"categories":[4],"tags":[20],"class_list":["post-5219","post","type-post","status-publish","format-standard","hentry","category-noticias","tag-defensa-de-tesis-doctoral"],"acf":[],"jetpack_featured_media_url":"","jetpack_sharing_enabled":true,"_links":{"self":[{"href":"https:\/\/ffyh.unc.edu.ar\/posgrado\/wp-json\/wp\/v2\/posts\/5219","targetHints":{"allow":["GET"]}}],"collection":[{"href":"https:\/\/ffyh.unc.edu.ar\/posgrado\/wp-json\/wp\/v2\/posts"}],"about":[{"href":"https:\/\/ffyh.unc.edu.ar\/posgrado\/wp-json\/wp\/v2\/types\/post"}],"author":[{"embeddable":true,"href":"https:\/\/ffyh.unc.edu.ar\/posgrado\/wp-json\/wp\/v2\/users\/5"}],"replies":[{"embeddable":true,"href":"https:\/\/ffyh.unc.edu.ar\/posgrado\/wp-json\/wp\/v2\/comments?post=5219"}],"version-history":[{"count":0,"href":"https:\/\/ffyh.unc.edu.ar\/posgrado\/wp-json\/wp\/v2\/posts\/5219\/revisions"}],"wp:attachment":[{"href":"https:\/\/ffyh.unc.edu.ar\/posgrado\/wp-json\/wp\/v2\/media?parent=5219"}],"wp:term":[{"taxonomy":"category","embeddable":true,"href":"https:\/\/ffyh.unc.edu.ar\/posgrado\/wp-json\/wp\/v2\/categories?post=5219"},{"taxonomy":"post_tag","embeddable":true,"href":"https:\/\/ffyh.unc.edu.ar\/posgrado\/wp-json\/wp\/v2\/tags?post=5219"}],"curies":[{"name":"wp","href":"https:\/\/api.w.org\/{rel}","templated":true}]}}