{"id":5261,"date":"2016-09-28T18:47:57","date_gmt":"2016-09-28T18:47:57","guid":{"rendered":"http:\/\/www.ffyh.unc.edu.ar\/posgrado\/?p=5261"},"modified":"2016-09-28T18:47:57","modified_gmt":"2016-09-28T18:47:57","slug":"defensa-de-tesis-doctorado-en-letras-10","status":"publish","type":"post","link":"https:\/\/ffyh.unc.edu.ar\/posgrado\/2016\/09\/28\/defensa-de-tesis-doctorado-en-letras-10\/","title":{"rendered":"Defensa de Tesis &#8211; Doctorado en Letras"},"content":{"rendered":"<p><strong><em>Beatriz Carina Meynet &#8211;\u00a014 de Octubre de 2016<\/em><\/strong><!--more--><\/p>\n<p>La Secretar\u00eda de Postgrado informa que la <strong><em>Profesora Beatriz Carina Meynet<\/em><\/strong> defender\u00e1 su Tesis de Doctorado en Letras, \u00a0titulada: \u00a0\u201cProblemas ling\u00fc\u00edsticos y did\u00e1cticos en torno a la ense\u00f1anza\/aprendizaje de la lengua latina: el caso latino como categor\u00eda problem\u00e1tica\u201d.- La direcci\u00f3n del trabajo estuvo a cargo del Profesor Doctor Marco Antonio Guti\u00e9rrez Galindo y la codirecci\u00f3n a cargo del Doctor Guillermo De Santis.-<\/p>\n<p>Actuar\u00e1n como Jurados los Profesores<strong><em> Doctora Julieta Consigli, Doctora Cecilia Defag\u00f3 y el Doctor Arturo Alvarez Hern\u00e1ndez..-<\/em><\/strong><\/p>\n<p>La defensa tendr\u00e1 lugar el d\u00eda <strong>Viernes 14 de Octubre de 2016<\/strong>, \u00a0a las <strong>10 horas<\/strong>, en <strong><em>Sala D \u00a0de Postgrado<\/em><\/strong>\u00a0 de la Facultad de Filosof\u00eda y Humanidades<\/p>\n<p><strong>Consultas: <a href=\"mailto:doctorar@ffyh.unc.edu.ar\">doctorar@ffyh.unc.edu.ar<\/a>\u00a0<\/strong><\/p>\n","protected":false},"excerpt":{"rendered":"<p>Beatriz Carina Meynet &#8211;\u00a014 de Octubre de 2016<\/p>\n","protected":false},"author":5,"featured_media":0,"comment_status":"closed","ping_status":"closed","sticky":false,"template":"","format":"standard","meta":{"_acf_changed":false,"colormag_page_container_layout":"default_layout","colormag_page_sidebar_layout":"default_layout","_jetpack_memberships_contains_paid_content":false,"footnotes":""},"categories":[4],"tags":[20],"class_list":["post-5261","post","type-post","status-publish","format-standard","hentry","category-noticias","tag-defensa-de-tesis-doctoral"],"acf":[],"jetpack_featured_media_url":"","jetpack_sharing_enabled":true,"_links":{"self":[{"href":"https:\/\/ffyh.unc.edu.ar\/posgrado\/wp-json\/wp\/v2\/posts\/5261","targetHints":{"allow":["GET"]}}],"collection":[{"href":"https:\/\/ffyh.unc.edu.ar\/posgrado\/wp-json\/wp\/v2\/posts"}],"about":[{"href":"https:\/\/ffyh.unc.edu.ar\/posgrado\/wp-json\/wp\/v2\/types\/post"}],"author":[{"embeddable":true,"href":"https:\/\/ffyh.unc.edu.ar\/posgrado\/wp-json\/wp\/v2\/users\/5"}],"replies":[{"embeddable":true,"href":"https:\/\/ffyh.unc.edu.ar\/posgrado\/wp-json\/wp\/v2\/comments?post=5261"}],"version-history":[{"count":0,"href":"https:\/\/ffyh.unc.edu.ar\/posgrado\/wp-json\/wp\/v2\/posts\/5261\/revisions"}],"wp:attachment":[{"href":"https:\/\/ffyh.unc.edu.ar\/posgrado\/wp-json\/wp\/v2\/media?parent=5261"}],"wp:term":[{"taxonomy":"category","embeddable":true,"href":"https:\/\/ffyh.unc.edu.ar\/posgrado\/wp-json\/wp\/v2\/categories?post=5261"},{"taxonomy":"post_tag","embeddable":true,"href":"https:\/\/ffyh.unc.edu.ar\/posgrado\/wp-json\/wp\/v2\/tags?post=5261"}],"curies":[{"name":"wp","href":"https:\/\/api.w.org\/{rel}","templated":true}]}}