{"id":5517,"date":"2017-04-11T16:25:58","date_gmt":"2017-04-11T16:25:58","guid":{"rendered":"http:\/\/www.ffyh.unc.edu.ar\/posgrado\/?p=5517"},"modified":"2017-04-11T16:25:58","modified_gmt":"2017-04-11T16:25:58","slug":"curso-de-ingles-lecto-comprension-y-traduccion-5","status":"publish","type":"post","link":"https:\/\/ffyh.unc.edu.ar\/posgrado\/2017\/04\/11\/curso-de-ingles-lecto-comprension-y-traduccion-5\/","title":{"rendered":"Curso de Ingl\u00e9s: Lecto-comprensi\u00f3n y traducci\u00f3n"},"content":{"rendered":"<p><strong>Prof. Roberto Bossio &#8211;\u00a0Inicia: lunes 17 de abril de 2017<\/strong><!--more--><\/p>\n<p><strong>Curso de Ingl\u00e9s<\/strong><\/p>\n<p>Lecto-comprensi\u00f3n y traducci\u00f3n<strong>\u00a0\u00a0<\/strong><\/p>\n<p><strong>Prof. Roberto Bossio<\/strong><\/p>\n<p><strong>D\u00edas, horarios y lugar de dictado:<\/strong><\/p>\n<p><strong>1\u00ba a\u00f1o<\/strong><\/p>\n<p>Inicia: lunes 17 de abril<br \/>\nHorario: 16:30 a 18:30hs<\/p>\n<p><strong>2\u00ba a\u00f1o<\/strong><\/p>\n<p>Inicia: lunes 17 de abril<br \/>\nHorario: 14:30 a 16:30hs<\/p>\n<p><strong><br \/>\n<\/strong>Duraci\u00f3n: d\u00edas lunes de abril a diciembre de<strong>\u00a0<\/strong>2017<\/p>\n<p>Lugar: Pabell\u00f3n Residencial<\/p>\n<p>&nbsp;<\/p>\n<p><strong>Arancel para todos los estudiantes:\u00a0<\/strong><\/p>\n<p><strong>matricula $150 y nueve cuotas de $250<\/strong><\/p>\n<p><strong>Inscripci\u00f3n:\u00a0<\/strong><strong><a href=\"https:\/\/docs.google.com\/a\/ffyh.unc.edu.ar\/forms\/d\/e\/1FAIpQLSffs_HOoz83KHvMbT1O0krlm7-5hBGeGRaq5z6lNC_kHi7_Mg\/viewform\">Ingresar<\/a>\u00a0<\/strong><\/p>\n<p>&nbsp;<\/p>\n<p><strong><u>Destinatarios:<\/u><\/strong><\/p>\n<p><strong>Dirigido a Profesionales y Estudiantes de Ciencias Sociales y Humanidades<\/strong><\/p>\n<p>Para m\u00e1s informaci\u00f3n:\u00a0<a href=\"mailto:maeantro@ffyh.unc.edu.ar\">maeantro@ffyh.unc.edu.ar<\/a><\/p>\n","protected":false},"excerpt":{"rendered":"<p>Prof. Roberto Bossio &#8211;\u00a0Inicia: lunes 17 de abril de 2017<\/p>\n","protected":false},"author":5,"featured_media":0,"comment_status":"closed","ping_status":"closed","sticky":false,"template":"","format":"standard","meta":{"_acf_changed":false,"colormag_page_container_layout":"default_layout","colormag_page_sidebar_layout":"default_layout","_jetpack_memberships_contains_paid_content":false,"footnotes":""},"categories":[4],"tags":[34,46],"class_list":["post-5517","post","type-post","status-publish","format-standard","hentry","category-noticias","tag-especializacion-en-antropologia-social","tag-maestria-en-antropologia"],"acf":[],"jetpack_featured_media_url":"","jetpack_sharing_enabled":true,"_links":{"self":[{"href":"https:\/\/ffyh.unc.edu.ar\/posgrado\/wp-json\/wp\/v2\/posts\/5517","targetHints":{"allow":["GET"]}}],"collection":[{"href":"https:\/\/ffyh.unc.edu.ar\/posgrado\/wp-json\/wp\/v2\/posts"}],"about":[{"href":"https:\/\/ffyh.unc.edu.ar\/posgrado\/wp-json\/wp\/v2\/types\/post"}],"author":[{"embeddable":true,"href":"https:\/\/ffyh.unc.edu.ar\/posgrado\/wp-json\/wp\/v2\/users\/5"}],"replies":[{"embeddable":true,"href":"https:\/\/ffyh.unc.edu.ar\/posgrado\/wp-json\/wp\/v2\/comments?post=5517"}],"version-history":[{"count":0,"href":"https:\/\/ffyh.unc.edu.ar\/posgrado\/wp-json\/wp\/v2\/posts\/5517\/revisions"}],"wp:attachment":[{"href":"https:\/\/ffyh.unc.edu.ar\/posgrado\/wp-json\/wp\/v2\/media?parent=5517"}],"wp:term":[{"taxonomy":"category","embeddable":true,"href":"https:\/\/ffyh.unc.edu.ar\/posgrado\/wp-json\/wp\/v2\/categories?post=5517"},{"taxonomy":"post_tag","embeddable":true,"href":"https:\/\/ffyh.unc.edu.ar\/posgrado\/wp-json\/wp\/v2\/tags?post=5517"}],"curies":[{"name":"wp","href":"https:\/\/api.w.org\/{rel}","templated":true}]}}