{"id":5751,"date":"2017-07-25T20:20:26","date_gmt":"2017-07-25T20:20:26","guid":{"rendered":"http:\/\/ffyh.unc.edu.ar\/posgrado\/?p=5751"},"modified":"2017-07-25T20:20:47","modified_gmt":"2017-07-25T20:20:47","slug":"defensas-de-tesis-de-doctorado-2","status":"publish","type":"post","link":"https:\/\/ffyh.unc.edu.ar\/posgrado\/2017\/07\/25\/defensas-de-tesis-de-doctorado-2\/","title":{"rendered":"Defensas de Tesis de Doctorado"},"content":{"rendered":"<p>&nbsp;<\/p>\n<p><strong>Agosto 2017<\/strong><!--more--><\/p>\n<p><strong><em>Magister Mar\u00eda Eugenia Borsani &#8211;\u00a0<\/em><\/strong><strong><em>Martes 08 de Agosto de 2017<\/em><\/strong><\/p>\n<p>La Secretar\u00eda de Postgrado informa que la\u00a0<strong><em>Magister Mar\u00eda Eugenia Borsani<\/em><\/strong>\u00a0defender\u00e1 su Tesis de Doctorado en\u00a0<strong><em>Filosof\u00eda<\/em><\/strong><em>,<\/em>\u00a0\u00a0titulada:\u00a0<strong><em>\u201cLa epistemolog\u00eda fronteriza en el presente pos-occidental: el giro decolonial y la resignificaci\u00f3n de la hermen\u00e9utica\u201d,<\/em><\/strong>\u00a0dirigida por el Profesor Doctor Miguel Angel Rossi y codirigida por el Profesor Doctor Fernando Alberto Liz\u00e1rraga.<\/p>\n<p>Actuar\u00e1n como Jurados los Profesores<strong><em>\u00a0Doctor Gustavo Cruz, la Doctora Paola Gramaglia y la Doctora Alejandra Adela Gonz\u00e1lez.-<\/em><\/strong><\/p>\n<p>La defensa tendr\u00e1 lugar el d\u00eda\u00a0<strong><em>Martes 08 de Agosto de 2017,<\/em><\/strong>\u00a0\u00a0\u00a0a las\u00a0<strong><em>09<\/em>:00<\/strong>\u00a0<strong>horas<\/strong>, en\u00a0<strong><em>Sala A \u00a0de Postgrado<\/em><\/strong>\u00a0 de\u00a0la Facultad\u00a0de Filosof\u00eda y Humanidades.<\/p>\n<hr \/>\n<p><strong>Consultas:\u00a0<a class=\"m_-1166730633891245646mt-detrack-inspected\" href=\"mailto:doctorar@ffyh.unc.edu.ar\" target=\"_blank\" rel=\"noopener\">doctorar@ffyh.unc.edu.ar<\/a><\/strong><\/p>\n","protected":false},"excerpt":{"rendered":"<p>&nbsp; Agosto 2017<\/p>\n","protected":false},"author":5,"featured_media":0,"comment_status":"closed","ping_status":"closed","sticky":false,"template":"","format":"standard","meta":{"_acf_changed":false,"colormag_page_container_layout":"default_layout","colormag_page_sidebar_layout":"default_layout","_jetpack_memberships_contains_paid_content":false,"footnotes":""},"categories":[4],"tags":[20],"class_list":["post-5751","post","type-post","status-publish","format-standard","hentry","category-noticias","tag-defensa-de-tesis-doctoral"],"acf":[],"jetpack_featured_media_url":"","jetpack_sharing_enabled":true,"_links":{"self":[{"href":"https:\/\/ffyh.unc.edu.ar\/posgrado\/wp-json\/wp\/v2\/posts\/5751","targetHints":{"allow":["GET"]}}],"collection":[{"href":"https:\/\/ffyh.unc.edu.ar\/posgrado\/wp-json\/wp\/v2\/posts"}],"about":[{"href":"https:\/\/ffyh.unc.edu.ar\/posgrado\/wp-json\/wp\/v2\/types\/post"}],"author":[{"embeddable":true,"href":"https:\/\/ffyh.unc.edu.ar\/posgrado\/wp-json\/wp\/v2\/users\/5"}],"replies":[{"embeddable":true,"href":"https:\/\/ffyh.unc.edu.ar\/posgrado\/wp-json\/wp\/v2\/comments?post=5751"}],"version-history":[{"count":1,"href":"https:\/\/ffyh.unc.edu.ar\/posgrado\/wp-json\/wp\/v2\/posts\/5751\/revisions"}],"predecessor-version":[{"id":5752,"href":"https:\/\/ffyh.unc.edu.ar\/posgrado\/wp-json\/wp\/v2\/posts\/5751\/revisions\/5752"}],"wp:attachment":[{"href":"https:\/\/ffyh.unc.edu.ar\/posgrado\/wp-json\/wp\/v2\/media?parent=5751"}],"wp:term":[{"taxonomy":"category","embeddable":true,"href":"https:\/\/ffyh.unc.edu.ar\/posgrado\/wp-json\/wp\/v2\/categories?post=5751"},{"taxonomy":"post_tag","embeddable":true,"href":"https:\/\/ffyh.unc.edu.ar\/posgrado\/wp-json\/wp\/v2\/tags?post=5751"}],"curies":[{"name":"wp","href":"https:\/\/api.w.org\/{rel}","templated":true}]}}